{"id":47601,"date":"2024-09-19T15:36:32","date_gmt":"2024-09-19T18:36:32","guid":{"rendered":"https:\/\/actualizateiguazu.com\/v3\/?p=47601"},"modified":"2024-09-19T16:49:38","modified_gmt":"2024-09-19T19:49:38","slug":"tras-7-dias-de-agonia-fallecio-el-joven-brutalmente-golpeado-por-una-supuesta-deuda","status":"publish","type":"post","link":"https:\/\/actualizateiguazu.com\/v3\/2024\/09\/19\/tras-7-dias-de-agonia-fallecio-el-joven-brutalmente-golpeado-por-una-supuesta-deuda\/","title":{"rendered":"Tras 7 d\u00edas de agon\u00eda falleci\u00f3 el joven brutalmente golpeado por una supuesta deuda"},"content":{"rendered":"<p><em>Este mediod\u00eda se dio a conocer el deceso de Cristian Mat\u00edas Pringles de 30 a\u00f1os que fue brutalmente golpeado por dos hermanos que en la vereda de su casa le reclamaron el pago de una supuesta deuda. Por el hecho hay un hombre de 35 a\u00f1os detenido.<\/em><\/p>\n<p>El pasado jueves en horas del mediod\u00eda, se registro un hecho de violencia en la vivienda del joven Cristian Mat\u00edas Pringles de 20 a\u00f1os de edad, al lugar llegaron dos hermanos, quienes le reclamaron al joven el pago de una supuesta deuda, tras una discusi\u00f3n, lo golpearon y lo empujaron, fue all\u00ed donde la v\u00edctima se golpe\u00f3 la cabeza al caer quedando inconsciente. R\u00e1pidamente los agresores se dieron a la fuga con un veh\u00edculo utilitario. Al Lugar fue un m\u00f3vil policial, pero la denuncia fue asentada en sede policial el s\u00e1bado.<\/p>\n<p>Luego de la denuncia el Juez de Instrucci\u00f3n dio la orden para que se ejecute un allanamiento en la vivienda de los acusados, pero uno de ellos minutos antes de que la misma sea ejecutada se presento en sede policial y quedo detenido. Su hermano de 22 a\u00f1os permanece pr\u00f3fugo de la justicia.<\/p>\n<p>En dia de ayer mi\u00e9rcoles 18 el detenido fue trasladado a las instalaciones del Juzgado de Instrucci\u00f3n N\u00ba 3, para prestar declaraci\u00f3n, pero este por recomendaci\u00f3n de su abogado se abstuvo de declarar y fue imputado en ese momento por \u201cHomicidio en grado de tentativa\u201d. En ese momento la victima permanencia en estado grave internado en el hospital SAMIC con riesgo de vida.<\/p>\n<p>La familia y allegados informaron que los restos del joven ser\u00e1n velados en la sala velatorio ubicada en barrio Las Le\u00f1as y posterior cremaci\u00f3n.<\/p>\n<p>&nbsp;<\/p>\n<p>&nbsp;<\/p>\n<p>&nbsp;<\/p>\n","protected":false},"excerpt":{"rendered":"<p>Este mediod\u00eda se dio a conocer el deceso de Cristian Mat\u00edas Pringles de 30 a\u00f1os<\/p>\n","protected":false},"author":1,"featured_media":47545,"comment_status":"open","ping_status":"open","sticky":false,"template":"","format":"standard","meta":{"footnotes":""},"categories":[1,226,228],"tags":[],"class_list":["post-47601","post","type-post","status-publish","format-standard","has-post-thumbnail","hentry","category-actualidad","category-locales","category-policiales"],"_links":{"self":[{"href":"https:\/\/actualizateiguazu.com\/v3\/wp-json\/wp\/v2\/posts\/47601","targetHints":{"allow":["GET"]}}],"collection":[{"href":"https:\/\/actualizateiguazu.com\/v3\/wp-json\/wp\/v2\/posts"}],"about":[{"href":"https:\/\/actualizateiguazu.com\/v3\/wp-json\/wp\/v2\/types\/post"}],"author":[{"embeddable":true,"href":"https:\/\/actualizateiguazu.com\/v3\/wp-json\/wp\/v2\/users\/1"}],"replies":[{"embeddable":true,"href":"https:\/\/actualizateiguazu.com\/v3\/wp-json\/wp\/v2\/comments?post=47601"}],"version-history":[{"count":2,"href":"https:\/\/actualizateiguazu.com\/v3\/wp-json\/wp\/v2\/posts\/47601\/revisions"}],"predecessor-version":[{"id":47604,"href":"https:\/\/actualizateiguazu.com\/v3\/wp-json\/wp\/v2\/posts\/47601\/revisions\/47604"}],"wp:featuredmedia":[{"embeddable":true,"href":"https:\/\/actualizateiguazu.com\/v3\/wp-json\/wp\/v2\/media\/47545"}],"wp:attachment":[{"href":"https:\/\/actualizateiguazu.com\/v3\/wp-json\/wp\/v2\/media?parent=47601"}],"wp:term":[{"taxonomy":"category","embeddable":true,"href":"https:\/\/actualizateiguazu.com\/v3\/wp-json\/wp\/v2\/categories?post=47601"},{"taxonomy":"post_tag","embeddable":true,"href":"https:\/\/actualizateiguazu.com\/v3\/wp-json\/wp\/v2\/tags?post=47601"}],"curies":[{"name":"wp","href":"https:\/\/api.w.org\/{rel}","templated":true}]}}