{"id":47619,"date":"2024-09-20T08:34:13","date_gmt":"2024-09-20T11:34:13","guid":{"rendered":"https:\/\/actualizateiguazu.com\/v3\/?p=47619"},"modified":"2024-09-20T08:34:13","modified_gmt":"2024-09-20T11:34:13","slug":"el-enano-competicion-sale-a-correr-la-5-fecha-del-rally-en-alba-posse","status":"publish","type":"post","link":"https:\/\/actualizateiguazu.com\/v3\/2024\/09\/20\/el-enano-competicion-sale-a-correr-la-5-fecha-del-rally-en-alba-posse\/","title":{"rendered":"El Enano Competici\u00f3n sale a correr la 5\u00b0 fecha del Rally en Alba Posse"},"content":{"rendered":"<div class=\"xdj266r x11i5rnm xat24cr x1mh8g0r x1vvkbs x126k92a\">\n<div dir=\"auto\">La dupla de Puerto Iguaz\u00fa, integrada por Benjam\u00edn y Jorge Devechi (VW Gol) estar\u00e1 en la 5\u00b0 fecha del Campeonato Misionero de Rally que disputar\u00e1 desde el viernes por los caminos vecinales de Alba Posse. Los integrantes del Enano Competici\u00f3n hicieron un repaso general del VW Gol se repararon los frenos que fue el problema que tuvo en la \u00faltima fecha y se lo dej\u00f3 listo para seguir siendo protagonista en la Clase N2 Light.<\/div>\n<div dir=\"auto\"><\/div>\n<\/div>\n<div class=\"x11i5rnm xat24cr x1mh8g0r x1vvkbs xtlvy1s x126k92a\">\n<div dir=\"auto\">\u201cSe cambi\u00f3 todo el sistema de frenos que fue lo que nos complic\u00f3 en la fecha pasada, retocamos todo el auto y estamos listos para correr en Alba Posse\u201d, explic\u00f3 Bejam\u00edn.<\/div>\n<\/div>\n<div class=\"x11i5rnm xat24cr x1mh8g0r x1vvkbs xtlvy1s x126k92a\">\n<div dir=\"auto\"><\/div>\n<div dir=\"auto\">El Enano Competici\u00f3n agradeci\u00f3 el apoyo de toda la familia y de los Sponsor \u201cMaxikiosco Chiki, Taller chapa y pintura El Porte\u00f1o, Richard Gr\u00faas, Mercado de Lima, Agroferreter\u00eda La Yunta, Seven Matafuego, Lavadero M\u00e1ximo, Iguaz\u00fa Distribuciones, Iguaz\u00fa Fuels, Miriam Hab Centro de Est\u00e1tica, Martyniuk Autorepuestos, Tienda I Like, Mec\u00e1nica Jorge, Carli Qbiertas.<\/div>\n<\/div>\n<div class=\"x11i5rnm xat24cr x1mh8g0r x1vvkbs xtlvy1s x126k92a\">\n<div dir=\"auto\"><\/div>\n<div dir=\"auto\">La actividad comenzar\u00e1 el viernes con la rampa de largada que se realizar\u00e1 en la rotonda de Santa Rita. La carrera se disputar\u00e1 el s\u00e1bado y domingo por los tramos de Colonia San Francisco-Colonia Acaragu\u00e1, y Paraje Laranjeira-Alba Posse.<\/div>\n<\/div>\n<div class=\"x11i5rnm xat24cr x1mh8g0r x1vvkbs xtlvy1s x126k92a\">\n<div dir=\"auto\"><\/div>\n<div dir=\"auto\">La quinta fecha del S\u00faper Prime se disputar\u00e1 el domingo en el predio del Aeroclub, donde tambi\u00e9n se realizar\u00e1 la entrega de premios.<\/div>\n<\/div>\n<div class=\"x11i5rnm xat24cr x1mh8g0r x1vvkbs xtlvy1s x126k92a\">\n<div dir=\"auto\"><\/div>\n<div dir=\"auto\">Cronograma<\/div>\n<div dir=\"auto\">5\u00b0 fecha Campeonato Misionero de Rally<\/div>\n<div dir=\"auto\">Gran Premio 5\u00b0 edici\u00f3n Homenaje a Mariano Marchiotti<\/div>\n<div dir=\"auto\">Viernes<\/div>\n<div dir=\"auto\">10 a 18: Administrativa definitiva (Colectivo AMPyNaR)<\/div>\n<div dir=\"auto\">10 a 18: Caminos habilitados para reconocimiento con Libro de Ruta<\/div>\n<div dir=\"auto\">10 a 18: T\u00e9cnica previa<\/div>\n<div dir=\"auto\">16 a 17.30: Shakedown<\/div>\n<div dir=\"auto\">17.30: Apertura de Parque Cerrado<\/div>\n<div dir=\"auto\">19: Reuni\u00f3n Obligatoria de Pilotos con Autoridades de la Prueba<\/div>\n<div dir=\"auto\">19.30: Cierre de Parque Cerrado<\/div>\n<div dir=\"auto\">20: Largada Simb\u00f3lica (Rotonda de Santa Rita)<\/div>\n<div dir=\"auto\"><\/div>\n<\/div>\n<div class=\"x11i5rnm xat24cr x1mh8g0r x1vvkbs xtlvy1s x126k92a\">\n<div dir=\"auto\">S\u00e1bado<\/div>\n<div dir=\"auto\">6 a 8: Caminos habilitados para recorrido<\/div>\n<div dir=\"auto\">7 a 8: Verificaci\u00f3n T\u00e9cnica de Veh\u00edculos Observados<\/div>\n<div dir=\"auto\">9: Partida de Primer Auto del Parque de Asistencia<\/div>\n<div dir=\"auto\">9.23: Largada PE1: San Francisco-Colonia Acaragu\u00e1 (I)<\/div>\n<div dir=\"auto\">10.06: Largada PE2: Paraje Laranjeira-Alba Posse (I)<\/div>\n<div dir=\"auto\">12.54: Largada PE3: San Francisco-Colonia Acaragu\u00e1 (II)<\/div>\n<div dir=\"auto\">13.37: Largada PE4: Paraje Laranjeira-Alba Posse (II)<\/div>\n<div dir=\"auto\">1\u00b0 Etapa: 40.480 metros de Pruebas Especiales y 62.000 metros de enlaces<\/div>\n<\/div>\n<div class=\"x11i5rnm xat24cr x1mh8g0r x1vvkbs xtlvy1s x126k92a\">\n<div dir=\"auto\"><\/div>\n<div dir=\"auto\">Domingo<\/div>\n<div dir=\"auto\">7.45: Ingreso de tripulaciones a Parque Cerrado<\/div>\n<div dir=\"auto\">7.55: Partida del primer Auto desde Parque Cerrado<\/div>\n<div dir=\"auto\">8.25: Partida del primer auto desde Parque de Asistencia<\/div>\n<div dir=\"auto\">8.48: Largada PE5: San Francisco-Colonia Acaragu\u00e1 (II)<\/div>\n<div dir=\"auto\">9.31: Largada PE6: Paraje Laranjeira-Alba Posse (II)<\/div>\n<div dir=\"auto\">11.39: Largada PE7: San Francisco-Colonia Acaragu\u00e1 (II)<\/div>\n<div dir=\"auto\">12.22: Largada PE8: Paraje Laranjeira-Alba Posse (II)<\/div>\n<div dir=\"auto\">2\u00b0 Etapa: 40.480 metros de Pruebas Especiales y 61.820 metros de enlaces<\/div>\n<\/div>\n<div class=\"x11i5rnm xat24cr x1mh8g0r x1vvkbs xtlvy1s x126k92a\">\n<div dir=\"auto\">14 (*): Largada 5\u00b0 fecha del Campeonato de S\u00faper Prime<\/div>\n<div dir=\"auto\">Nota: (*) Horario tentativo<\/div>\n<\/div>\n","protected":false},"excerpt":{"rendered":"<p>La dupla de Puerto Iguaz\u00fa, integrada por Benjam\u00edn y Jorge Devechi (VW Gol) estar\u00e1 en<\/p>\n","protected":false},"author":1,"featured_media":47620,"comment_status":"open","ping_status":"open","sticky":false,"template":"","format":"standard","meta":{"footnotes":""},"categories":[1],"tags":[],"class_list":["post-47619","post","type-post","status-publish","format-standard","has-post-thumbnail","hentry","category-actualidad"],"_links":{"self":[{"href":"https:\/\/actualizateiguazu.com\/v3\/wp-json\/wp\/v2\/posts\/47619","targetHints":{"allow":["GET"]}}],"collection":[{"href":"https:\/\/actualizateiguazu.com\/v3\/wp-json\/wp\/v2\/posts"}],"about":[{"href":"https:\/\/actualizateiguazu.com\/v3\/wp-json\/wp\/v2\/types\/post"}],"author":[{"embeddable":true,"href":"https:\/\/actualizateiguazu.com\/v3\/wp-json\/wp\/v2\/users\/1"}],"replies":[{"embeddable":true,"href":"https:\/\/actualizateiguazu.com\/v3\/wp-json\/wp\/v2\/comments?post=47619"}],"version-history":[{"count":1,"href":"https:\/\/actualizateiguazu.com\/v3\/wp-json\/wp\/v2\/posts\/47619\/revisions"}],"predecessor-version":[{"id":47621,"href":"https:\/\/actualizateiguazu.com\/v3\/wp-json\/wp\/v2\/posts\/47619\/revisions\/47621"}],"wp:featuredmedia":[{"embeddable":true,"href":"https:\/\/actualizateiguazu.com\/v3\/wp-json\/wp\/v2\/media\/47620"}],"wp:attachment":[{"href":"https:\/\/actualizateiguazu.com\/v3\/wp-json\/wp\/v2\/media?parent=47619"}],"wp:term":[{"taxonomy":"category","embeddable":true,"href":"https:\/\/actualizateiguazu.com\/v3\/wp-json\/wp\/v2\/categories?post=47619"},{"taxonomy":"post_tag","embeddable":true,"href":"https:\/\/actualizateiguazu.com\/v3\/wp-json\/wp\/v2\/tags?post=47619"}],"curies":[{"name":"wp","href":"https:\/\/api.w.org\/{rel}","templated":true}]}}