{"id":47658,"date":"2024-09-23T08:39:27","date_gmt":"2024-09-23T11:39:27","guid":{"rendered":"https:\/\/actualizateiguazu.com\/v3\/?p=47658"},"modified":"2024-09-23T08:39:27","modified_gmt":"2024-09-23T11:39:27","slug":"tragedia-kruse-la-justicia-cerro-la-causa-dejando-a-las-victimas-sin-consuelo","status":"publish","type":"post","link":"https:\/\/actualizateiguazu.com\/v3\/2024\/09\/23\/tragedia-kruse-la-justicia-cerro-la-causa-dejando-a-las-victimas-sin-consuelo\/","title":{"rendered":"Tragedia Kruse: La justicia cerr\u00f3 la causa dejando a las v\u00edctimas sin consuelo"},"content":{"rendered":"<p>Familiares y las v\u00edctimas de la tragedia de Kruse que ocurri\u00f3 el 23 de septiembre del 2021 dejo cuatro fallecidos y varios heridos. La justicia cerr\u00f3 la causa a principio de a\u00f1o culpando al chofer que falleci\u00f3 en el acto como \u00fanico culpable. Los familiares reclaman a la justicia la responsabilidad de la empresa ya que en el expediente figura que el m\u00f3vil siniestrado ten\u00eda las cubiertas recapadas.<\/p>\n<p>Dolor, indignaci\u00f3n y bronca gener\u00f3 en los familiares de las victimas y en los sobrevivientes el cierre de la causa por parte de la justicia el pasado 24 de febrero del 2024, sobre todo porque no fueron informados de forma oficial e incluso una de las victimas sobrevivientes fue al juzgado a preguntar por el estado de la causa, que recay\u00f3 en el Juzgado de Instrucci\u00f3n N\u00ba 2 a cargo del Juez Roberto Antonio Sena, pero informaci\u00f3n que le fue negada siendo que la justicia ya hab\u00eda decidido que el chofer fue el \u00fanico culpable del siniestro.<\/p>\n<p>Seg\u00fan inform\u00f3 este medio el siniestro ocurri\u00f3 el 23 de septiembre del 2021 al mediod\u00eda, cuando el \u00f3mnibus de la empresa Kruse despist\u00f3 en la localidad misionera de Gobernador Roca, luego de que explotar\u00e1 la cubierta delantera izquierda del veh\u00edculo, impactar\u00e1 contra otro coche y luego contra una plantaci\u00f3n de pinos. La l\u00ednea hab\u00eda partido desde Iguaz\u00fa, al llegar a Montecarlo la empresa cambio de unidad y poco tiempo despu\u00e9s ocurri\u00f3 el siniestro. El veh\u00edculo transportaba a 25 pasajeros, algunas de las victimas sobrevivientes sufrieron heridas leves y otros aun presentan secuelas, no solo f\u00edsicas, sino que psicol\u00f3gicas.<\/p>\n<p>Mauricio Fari\u00f1a, perdi\u00f3 a su madre Viviana Medina Garcete y su padre Esteban Fari\u00f1a quedo con secuelas por el accidente. Su madre luch\u00f3 por su vida durante 4 meses, pero no logr\u00f3 sobrevivir, su padre estuvo esperando todos los d\u00edas que su esposa mejorara, pero eso no ocurri\u00f3. \u201cYo quiero justicia por mi mam\u00e1, por mi pap\u00e1, y por todas las personas que fueron v\u00edctimas de la corrupci\u00f3n de la empresa que no se hizo cargo, que no tiene a sus m\u00f3viles en condiciones, porque esos neum\u00e1ticos no estaban en condiciones\u201d reclamo Fari\u00f1a.<\/p>\n<p>Por su pare la esposa de Mauricio Fari\u00f1a, Viviana Mac Dougall, quien integra el comit\u00e9 Consultivo Nacional de Victimas Viales, se mostr\u00f3 muy acongojada por como la justicia \u201cDurmi\u00f3\u201d el caso Krusse, mientras familiares del accidente siguen recordando y anhelando resoluci\u00f3n \u00abhace pocos meses, la causa se cerr\u00f3, no nos comunicaron, a nadie a ning\u00fan sobreviviente, a ning\u00fan familiar de la v\u00edctima. Pusieron la culpa a chofer que no se puede defender. Es muy triste lo que paso\u00bb.<\/p>\n<p>Viviana Mac Dougall se puso al frente de la causa tratando de orientar a las v\u00edctimas, demostrando un apoyo incondicional a su pareja que perdi\u00f3 a su madre en el accidente. \u201cTratamos de contactarnos con todos, no solamente para iniciar una causa en la justicia, sino para que todos puedan acceder a una contenci\u00f3n psicol\u00f3gica por el siniestro mediante la l\u00ednea 149 opci\u00f3n 2: Red Federal de Asistencia a V\u00edctimas de Siniestros Viales, porque la empresa abandono a todos\u201d remarc\u00f3<\/p>\n<p>Mac Dougall conoce cada una de las realidades de los sobrevivientes del siniestro vial y busca d\u00eda a d\u00eda tratar de contener a su esposo y las v\u00edctimas. \u201cEs muy triste todo, en casos como estos es muy dif\u00edcil obtener justicia, pero al menos buscamos lograr la contenci\u00f3n de los sobrevivientes, uno de ellos no puede volver a subir a un colectivo por le trauma, otros tienen secuelas f\u00edsicas y nadie se hizo cargo. Es todo muy triste, perder una familiar y despu\u00e9s tener que ir detr\u00e1s de la justicia y lo lograr la tan ansiada justicia por las victimas\u201d lament\u00f3<\/p>\n<p>El hecho:<\/p>\n<p>El \u00f3mnibus circulaba en sentido Iguaz\u00fa-Posadas con 25 pasajeros en el kil\u00f3metro 1406 de la ruta nacional 12 en la zona rural de Gobernador Roca la cubierta delantera izquierda exploto provocando que el colectivo colisionar\u00e1 con un veh\u00edculo y luego colisiono con una plantaci\u00f3n de pinos. El chofer del \u00f3mnibus Marcelo Chefer (35 a\u00f1os), quien hab\u00eda sido trasladado con graves heridas ingres\u00f3 al Hospital Madariaga sin signos vitales.<\/p>\n<p>Las otras v\u00edctimas fatales fueron identificadas como Ar\u00edstides Rafael Moales Z\u00e1rate (51), oriundo de la localidad bonaerense de San Nicol\u00e1s; Mar\u00eda Eva Ram\u00edrez (47), tambi\u00e9n de Montecarlo. Viviana Garcete falleci\u00f3 tras luchar por su vida 107 d\u00edas despu\u00e9s del siniestro<\/p>\n<p>&nbsp;<\/p>\n<p>&nbsp;<\/p>\n","protected":false},"excerpt":{"rendered":"<p>Familiares y las v\u00edctimas de la tragedia de Kruse que ocurri\u00f3 el 23 de septiembre<\/p>\n","protected":false},"author":1,"featured_media":47659,"comment_status":"open","ping_status":"open","sticky":false,"template":"","format":"standard","meta":{"footnotes":""},"categories":[1,229],"tags":[],"class_list":["post-47658","post","type-post","status-publish","format-standard","has-post-thumbnail","hentry","category-actualidad","category-provinciales"],"_links":{"self":[{"href":"https:\/\/actualizateiguazu.com\/v3\/wp-json\/wp\/v2\/posts\/47658","targetHints":{"allow":["GET"]}}],"collection":[{"href":"https:\/\/actualizateiguazu.com\/v3\/wp-json\/wp\/v2\/posts"}],"about":[{"href":"https:\/\/actualizateiguazu.com\/v3\/wp-json\/wp\/v2\/types\/post"}],"author":[{"embeddable":true,"href":"https:\/\/actualizateiguazu.com\/v3\/wp-json\/wp\/v2\/users\/1"}],"replies":[{"embeddable":true,"href":"https:\/\/actualizateiguazu.com\/v3\/wp-json\/wp\/v2\/comments?post=47658"}],"version-history":[{"count":1,"href":"https:\/\/actualizateiguazu.com\/v3\/wp-json\/wp\/v2\/posts\/47658\/revisions"}],"predecessor-version":[{"id":47660,"href":"https:\/\/actualizateiguazu.com\/v3\/wp-json\/wp\/v2\/posts\/47658\/revisions\/47660"}],"wp:featuredmedia":[{"embeddable":true,"href":"https:\/\/actualizateiguazu.com\/v3\/wp-json\/wp\/v2\/media\/47659"}],"wp:attachment":[{"href":"https:\/\/actualizateiguazu.com\/v3\/wp-json\/wp\/v2\/media?parent=47658"}],"wp:term":[{"taxonomy":"category","embeddable":true,"href":"https:\/\/actualizateiguazu.com\/v3\/wp-json\/wp\/v2\/categories?post=47658"},{"taxonomy":"post_tag","embeddable":true,"href":"https:\/\/actualizateiguazu.com\/v3\/wp-json\/wp\/v2\/tags?post=47658"}],"curies":[{"name":"wp","href":"https:\/\/api.w.org\/{rel}","templated":true}]}}