{"id":47695,"date":"2024-09-24T11:23:19","date_gmt":"2024-09-24T14:23:19","guid":{"rendered":"https:\/\/actualizateiguazu.com\/v3\/?p=47695"},"modified":"2024-09-24T11:23:19","modified_gmt":"2024-09-24T14:23:19","slug":"un-hombre-fue-rescatado-por-la-policia-tras-haberse-desorientado-en-el-parque-provincial-puerto-peninsula","status":"publish","type":"post","link":"https:\/\/actualizateiguazu.com\/v3\/2024\/09\/24\/un-hombre-fue-rescatado-por-la-policia-tras-haberse-desorientado-en-el-parque-provincial-puerto-peninsula\/","title":{"rendered":"Un hombre fue rescatado por la Polic\u00eda, tras haberse desorientado en el parque Provincial Puerto Pen\u00ednsula"},"content":{"rendered":"<p>Cesar L. 30 a\u00f1os fue encontrado tras una intensa b\u00fasqueda por la zona boscosa del parque provincial por parte de una patrulla de Guardaparques del Grupo de Operaciones en Selva y efectivos policiales. El hombre habr\u00eda ingresado al monte ayer a las 07.00 horas y estuvo perdido hasta pasada la medianoche d\u00f3nde fue localizado.<\/p>\n<p>La intervenci\u00f3n policial se inici\u00f3 tras el alerta del hombre a la l\u00ednea de emergencias 101 d\u00f3nde daba cuenta de haber ingresado al parque y no lograba salir debido a que se encontraba desorientado. Por ello inmediatamente se inicio una b\u00fasqueda en la zona.<\/p>\n<p>Finalmente, alrededor de las 00.30 despu\u00e9s de arduos rastrillajes, los agentes policiales localizaron al hombre quien fue asistido. En tanto personal Guardaparques labraron las actas pertinentes en virtud a que el hombre pose\u00eda elementos propios para la caza furtiva procedi\u00e9ndose al secuestro de varios elementos.<\/p>\n","protected":false},"excerpt":{"rendered":"<p>Cesar L. 30 a\u00f1os fue encontrado tras una intensa b\u00fasqueda por la zona boscosa del<\/p>\n","protected":false},"author":1,"featured_media":47696,"comment_status":"open","ping_status":"open","sticky":false,"template":"","format":"standard","meta":{"footnotes":""},"categories":[1,228],"tags":[],"class_list":["post-47695","post","type-post","status-publish","format-standard","has-post-thumbnail","hentry","category-actualidad","category-policiales"],"_links":{"self":[{"href":"https:\/\/actualizateiguazu.com\/v3\/wp-json\/wp\/v2\/posts\/47695","targetHints":{"allow":["GET"]}}],"collection":[{"href":"https:\/\/actualizateiguazu.com\/v3\/wp-json\/wp\/v2\/posts"}],"about":[{"href":"https:\/\/actualizateiguazu.com\/v3\/wp-json\/wp\/v2\/types\/post"}],"author":[{"embeddable":true,"href":"https:\/\/actualizateiguazu.com\/v3\/wp-json\/wp\/v2\/users\/1"}],"replies":[{"embeddable":true,"href":"https:\/\/actualizateiguazu.com\/v3\/wp-json\/wp\/v2\/comments?post=47695"}],"version-history":[{"count":1,"href":"https:\/\/actualizateiguazu.com\/v3\/wp-json\/wp\/v2\/posts\/47695\/revisions"}],"predecessor-version":[{"id":47697,"href":"https:\/\/actualizateiguazu.com\/v3\/wp-json\/wp\/v2\/posts\/47695\/revisions\/47697"}],"wp:featuredmedia":[{"embeddable":true,"href":"https:\/\/actualizateiguazu.com\/v3\/wp-json\/wp\/v2\/media\/47696"}],"wp:attachment":[{"href":"https:\/\/actualizateiguazu.com\/v3\/wp-json\/wp\/v2\/media?parent=47695"}],"wp:term":[{"taxonomy":"category","embeddable":true,"href":"https:\/\/actualizateiguazu.com\/v3\/wp-json\/wp\/v2\/categories?post=47695"},{"taxonomy":"post_tag","embeddable":true,"href":"https:\/\/actualizateiguazu.com\/v3\/wp-json\/wp\/v2\/tags?post=47695"}],"curies":[{"name":"wp","href":"https:\/\/api.w.org\/{rel}","templated":true}]}}