{"id":47701,"date":"2024-09-24T21:19:46","date_gmt":"2024-09-25T00:19:46","guid":{"rendered":"https:\/\/actualizateiguazu.com\/v3\/?p=47701"},"modified":"2024-09-24T21:19:46","modified_gmt":"2024-09-25T00:19:46","slug":"iguazu-presentaron-el-alem-fest-y-la-48o-edicion-de-oktoberfest-alem","status":"publish","type":"post","link":"https:\/\/actualizateiguazu.com\/v3\/2024\/09\/24\/iguazu-presentaron-el-alem-fest-y-la-48o-edicion-de-oktoberfest-alem\/","title":{"rendered":"Iguaz\u00fa: Presentaron el Alem Fest y la 48\u00ba edici\u00f3n de Oktoberfest Alem"},"content":{"rendered":"<p><em>La presentaci\u00f3n de los eventos se realizo esta ma\u00f1ana en el sal\u00f3n de usos m\u00faltiples de Iturem, hicieron entrega de 150 entradas libres para sortear y para entregar de cortes\u00eda a turistas para que recorran la provincia<\/em><\/p>\n<p>Con la presencia del intendente de Alem Matias Sebely se present\u00f3 en Iguaz\u00fa la semana de Alem y la 48\u00ba edici\u00f3n del Oktoberfest que organiza el club Germano Alem\u00e1n. Es la primera vez que desde el municipio buscan estrechar lazos con Iguaz\u00fa, promocionado el evento con el fin de lograr el efecto derrame de turistas que arriban a la ciudad de las cataratas. Para ello han dejado entradas libres a fin de motivar a los visitantes a disfrutar la tradicional fiesta de la cerveza.<\/p>\n<p>Matias Sebely estuvo acompa\u00f1ado por el presidente del Club Germano Argentino de Alem Adolfo R\u00edos, Pamela Martin directora de turismo de la localidad, Mayra Mosdien embajadora de la fiesta de la cerveza y fueron recibidos por el presidente del Iturem Leopoldo lucas. Sebely remarco que es la primera vez en 26 a\u00f1os que promocionan la fiesta en Iguaz\u00fa y resalt\u00f3 la importancia del trabajo de promoci\u00f3n conjunta a fin de lograr que el turista disfrute de toda la provincia y pernocte m\u00e1s noches en Misiones.<\/p>\n<p><img loading=\"lazy\" decoding=\"async\" class=\"alignnone size-full wp-image-47703\" src=\"https:\/\/actualizateiguazu.com\/v3\/wp-content\/uploads\/2024\/09\/IMG_20240924_1120364082-scaled.jpg\" alt=\"\" width=\"2560\" height=\"1917\" srcset=\"https:\/\/actualizateiguazu.com\/v3\/wp-content\/uploads\/2024\/09\/IMG_20240924_1120364082-scaled.jpg 2560w, https:\/\/actualizateiguazu.com\/v3\/wp-content\/uploads\/2024\/09\/IMG_20240924_1120364082-300x225.jpg 300w, https:\/\/actualizateiguazu.com\/v3\/wp-content\/uploads\/2024\/09\/IMG_20240924_1120364082-1024x767.jpg 1024w, https:\/\/actualizateiguazu.com\/v3\/wp-content\/uploads\/2024\/09\/IMG_20240924_1120364082-768x575.jpg 768w, https:\/\/actualizateiguazu.com\/v3\/wp-content\/uploads\/2024\/09\/IMG_20240924_1120364082-1536x1150.jpg 1536w, https:\/\/actualizateiguazu.com\/v3\/wp-content\/uploads\/2024\/09\/IMG_20240924_1120364082-2048x1534.jpg 2048w, https:\/\/actualizateiguazu.com\/v3\/wp-content\/uploads\/2024\/09\/IMG_20240924_1120364082-720x540.jpg 720w\" sizes=\"auto, (max-width: 2560px) 100vw, 2560px\" \/><\/p>\n<p>Durante la presentaci\u00f3n Pamela Martin enumero las actividades que se llevaran a cabo al aire libre en la plaza central explico que la Semana de Alem arranca el pr\u00f3ximo 4 de octubre Viernes\u00a0 a las 20:00 Hs: Desfile inauguraci\u00f3n &#8211; Exposici\u00f3n, n\u00fameros en vivo, patio de comidas y cluster de emprendedores de cerveza artesanal en Plazoleta San Mart\u00edn, el s\u00e1bado las actividades comienzan a las19:00 Hs con la exposici\u00f3n, n\u00fameros en vivo, patio de comidas y cluster de emprendedores de cerveza artesanal en Plazoleta San Mart\u00edn.<\/p>\n<p>Luego el martes 8 a las 18:00 Hs habr\u00e1 una Master Class de cocina en Plazoleta San Mart\u00edn. Cheffs invitados y cocina en vivo y el jueves 10 se realizar\u00e1 el d\u00eda de la juventud. Show de talento joven en Club Alem\u00e1n desde las 17:00 hs con cerveza sin alcohol. Al respecto Matias Sebely explico que aun no habilitaron la inscripci\u00f3n para el show y que cualquier joven podr\u00e1 inscribirse.<\/p>\n<p>El viernes 11, s\u00e1bado 12 y domingo 13 de octubre se realizar\u00e1 la 48\u00ba de Oktoberfest Alem con toda la m\u00fasica y alegr\u00eda caracter\u00edstica de la Fiesta Provincial de la Cerveza. \u201cEn el club vamos a brindar la muisca en vivo para el baile, comidas t\u00edpicas, presentaciones de ballet y vamos a contar con una amplia variedad de marcas de cervezas y contaremos con cervezas artesanales\u201d explic\u00f3 Adolfo R\u00edos<\/p>\n<p>Para cerrar la embajadora del Oktoberfest Mayra Mosdien invito a toda la comunidad a disfrutar de la fiesta, primero lo hizo en alem\u00e1n y luego en castellano.<\/p>\n","protected":false},"excerpt":{"rendered":"<p>La presentaci\u00f3n de los eventos se realizo esta ma\u00f1ana en el sal\u00f3n de usos m\u00faltiples<\/p>\n","protected":false},"author":1,"featured_media":47702,"comment_status":"open","ping_status":"open","sticky":false,"template":"","format":"standard","meta":{"footnotes":""},"categories":[1,226],"tags":[],"class_list":["post-47701","post","type-post","status-publish","format-standard","has-post-thumbnail","hentry","category-actualidad","category-locales"],"_links":{"self":[{"href":"https:\/\/actualizateiguazu.com\/v3\/wp-json\/wp\/v2\/posts\/47701","targetHints":{"allow":["GET"]}}],"collection":[{"href":"https:\/\/actualizateiguazu.com\/v3\/wp-json\/wp\/v2\/posts"}],"about":[{"href":"https:\/\/actualizateiguazu.com\/v3\/wp-json\/wp\/v2\/types\/post"}],"author":[{"embeddable":true,"href":"https:\/\/actualizateiguazu.com\/v3\/wp-json\/wp\/v2\/users\/1"}],"replies":[{"embeddable":true,"href":"https:\/\/actualizateiguazu.com\/v3\/wp-json\/wp\/v2\/comments?post=47701"}],"version-history":[{"count":1,"href":"https:\/\/actualizateiguazu.com\/v3\/wp-json\/wp\/v2\/posts\/47701\/revisions"}],"predecessor-version":[{"id":47704,"href":"https:\/\/actualizateiguazu.com\/v3\/wp-json\/wp\/v2\/posts\/47701\/revisions\/47704"}],"wp:featuredmedia":[{"embeddable":true,"href":"https:\/\/actualizateiguazu.com\/v3\/wp-json\/wp\/v2\/media\/47702"}],"wp:attachment":[{"href":"https:\/\/actualizateiguazu.com\/v3\/wp-json\/wp\/v2\/media?parent=47701"}],"wp:term":[{"taxonomy":"category","embeddable":true,"href":"https:\/\/actualizateiguazu.com\/v3\/wp-json\/wp\/v2\/categories?post=47701"},{"taxonomy":"post_tag","embeddable":true,"href":"https:\/\/actualizateiguazu.com\/v3\/wp-json\/wp\/v2\/tags?post=47701"}],"curies":[{"name":"wp","href":"https:\/\/api.w.org\/{rel}","templated":true}]}}