{"id":47734,"date":"2024-09-25T16:49:41","date_gmt":"2024-09-25T19:49:41","guid":{"rendered":"https:\/\/actualizateiguazu.com\/v3\/?p=47734"},"modified":"2024-09-25T18:33:00","modified_gmt":"2024-09-25T21:33:00","slug":"aseguran-que-organizaciones-criminales-que-funcionan-en-la-triple-frontera-tienen-conexion-con-la-mafia-italiana","status":"publish","type":"post","link":"https:\/\/actualizateiguazu.com\/v3\/2024\/09\/25\/aseguran-que-organizaciones-criminales-que-funcionan-en-la-triple-frontera-tienen-conexion-con-la-mafia-italiana\/","title":{"rendered":"Aseguran que organizaciones criminales que operan en la Triple Frontera tienen conexi\u00f3n con la mafia italiana"},"content":{"rendered":"<p><em>El escuadr\u00f3n 13 de Gendarmer\u00eda Nacional recibi\u00f3 la visita de la delegaci\u00f3n de Fiscales antimafia y antiterrorismo de Italia. Recorrieron la zona y mantuvieron una reuni\u00f3n con los representantes de las fuerzas federales en Iguaz\u00fa con el fin de aunar esfuerzo para el combate de las fuerzas criminales que operan en la zona y tienen conexi\u00f3n con la mafia italiana.<\/em><\/p>\n<p>El titular de la Fiscal\u00eda Antimafia y Antiterrorismo de Italia Giovanni Melillo junto una delegaci\u00f3n, el titular de la fizcalia de lucha contra el crimen organizado Santiago Marquevich y Ra\u00fal Contreras actual director nacional de investigaciones del narcotr\u00e1fico y titular de la Secretar\u00eda de lucha contra el narcotr\u00e1fico y la criminalidad organizada de este Ministerio Ra\u00fal Contreras, acompa\u00f1ados a los titulares de las fuerzas como ser Arma de Carabineros, Guardia di Finanza, Guardia de servicios especiales antidrogas y la Polizia di Stato de Italia recorrieron la triple frontera con el fin tomar dimensi\u00f3n de la zona que es considerada sumamente importante en la lucha contra las organizaciones criminales ya que han detectado conexiones con la mafia italiana.<\/p>\n<p>Tras la visita brindaron una conferencia de prensa donde dieron detalles del trabajo mancomunado que llevan adelante en la lucha contra el narcotr\u00e1fico no solo en Italia, sino que en todo el mundo.<\/p>\n<p><img loading=\"lazy\" decoding=\"async\" class=\"alignnone size-full wp-image-47735\" src=\"https:\/\/actualizateiguazu.com\/v3\/wp-content\/uploads\/2024\/09\/IMG_20240925_135818723-scaled.jpg\" alt=\"\" width=\"2560\" height=\"1920\" srcset=\"https:\/\/actualizateiguazu.com\/v3\/wp-content\/uploads\/2024\/09\/IMG_20240925_135818723-scaled.jpg 2560w, https:\/\/actualizateiguazu.com\/v3\/wp-content\/uploads\/2024\/09\/IMG_20240925_135818723-300x225.jpg 300w, https:\/\/actualizateiguazu.com\/v3\/wp-content\/uploads\/2024\/09\/IMG_20240925_135818723-1024x768.jpg 1024w, https:\/\/actualizateiguazu.com\/v3\/wp-content\/uploads\/2024\/09\/IMG_20240925_135818723-768x576.jpg 768w, https:\/\/actualizateiguazu.com\/v3\/wp-content\/uploads\/2024\/09\/IMG_20240925_135818723-1536x1152.jpg 1536w, https:\/\/actualizateiguazu.com\/v3\/wp-content\/uploads\/2024\/09\/IMG_20240925_135818723-2048x1536.jpg 2048w, https:\/\/actualizateiguazu.com\/v3\/wp-content\/uploads\/2024\/09\/IMG_20240925_135818723-720x540.jpg 720w\" sizes=\"auto, (max-width: 2560px) 100vw, 2560px\" \/><\/p>\n<p>Al respecto Giovanni Melillo indic\u00f3 \u201cNosotros estamos aqu\u00ed para ver, para escuchar y para aprender porque necesitamos trabajar juntos porque la Argentina tiene una posici\u00f3n fundamental en la lucha contra el narcotr\u00e1fico internacional y contra el crimen organizado trasnacional porque se enfrenta con los mismos problemas que nosotros en Italia, es por eso que estamos comprometidos en la lucha conjunta y en compartir informaci\u00f3n\u201d<\/p>\n<p>Haciendo referencia a la visita a la triple frontera Melillo explic\u00f3 que la visita se da en el marco de las conexiones que existen entre organizaciones criminales de los tres pa\u00edses con la mafia italiana, ya que gran parte del cargamento de coca\u00edna que ingreso al pa\u00eds habr\u00eda salido de la triple frontera y otro porcentaje del norte argentino.<\/p>\n<p>\u201chay muchas relaciones directas entre la triple frontera e Italia, la mas grande cantidad de drogas incautadas en Italia viene desde aqu\u00ed, al mismo tiempo nuestras organizaciones criminales trabajan aqu\u00ed, con el Primero comando do capit\u00e1n, comando vermello y otras organizaciones latinoamericanas. Al mismo tiempo los negocios de las organizaciones criminales italianas est\u00e1n manejando aqu\u00ed como por ejemplo La N\u2019drangheta, estas organizaciones est\u00e1n m\u00e1s cerca de ustedes que de nosotros\u201d remarc\u00f3 Melillo.<\/p>\n<p>Melillo ejemplific\u00f3 su afirmaci\u00f3n acerca de la presencia de la mafia italiana y su conexi\u00f3n con las organizaciones criminales que operan en la triple frontera dando detalles de los casos de detenciones de miembros de la mafia de su pa\u00eds que se han efectivizado en Sudam\u00e9rica \u201cEl mundo es mas peque\u00f1o de lo que parece\u201d remarc\u00f3<\/p>\n<p>Ante la consulta de que si existen miembros de la mafia italiana operando en la triple frontera Melillo remarco \u201cSi. Absolutamente, s\u00ed. En narcotr\u00e1fico necesita sistemas integrados de organizaci\u00f3n de los negocios para financiamiento. Las organizaciones mafiosas de diferentes pa\u00edses trabajan juntas y trabajan aqu\u00ed en la triple frontera y en todo el continente americano\u201d<\/p>\n<p>Ademas Melillo explic\u00f3 que el primer campo de actividad es el lavado de dinero, el blanqueo de capitales y remarco que el narcotr\u00e1fico es la fuente principal para ello. \u201cel narcotr\u00e1fico no es simplemente un fen\u00f3meno criminal es una fuerza capaz de producir fen\u00f3menos de desestabilizaci\u00f3n pol\u00edtica y social en diferentes regiones del planeta, Italia conocer perfectamente esto\u201d<\/p>\n<p>Para finalizar Ra\u00fal Contreras destaco como esta trabajando el pa\u00eds en la problem\u00e1tica ante la creaci\u00f3n de la unidad Antimafia a nivel nacional que integran las 5 fuerzas federales y destac\u00f3 que se ha presentado un proyecto de Ley Antimafia para endurecer as condenas ante los integrantes de una organizaci\u00f3n criminal mafiosa y adem\u00e1s est\u00e1n capacitando a las fuerzas en Italia para el combate al narcotr\u00e1fico y organizaciones criminales.<\/p>\n<p>La comitiva Italiana encabezada por el Fiscal Nacional Antimafia y Antiterrorista de la Rep\u00fablica de Italia, Dr Giovanni Melillo y la Fiscal de la Direcci\u00f3n Nacional Antimafia y Antiterrorista de Italia, Dra B\u00e1rbara Sargenti.<br \/>\nRepresentantes del Proyecto EUROFRONT IILA y EL PACCTO 2.0 y de la instituciones policiales y militares de Guardia di Finanzas, Carabinieri de Italia y Polic\u00eda del Estado<br \/>\nLa citada comitiva participar\u00e1 de un \u201cEncuentro Regional de Coordinaci\u00f3n en el Combate a la Dimensi\u00f3n Financiera del Crimen Organizado Transfronterizo en la Triple Frontera\u201d en la ciudad de Foz do Iguaz\u00fa.<\/p>\n<p>&nbsp;<\/p>\n<p>&nbsp;<\/p>\n<p>&nbsp;<\/p>\n","protected":false},"excerpt":{"rendered":"<p>El escuadr\u00f3n 13 de Gendarmer\u00eda Nacional recibi\u00f3 la visita de la delegaci\u00f3n de Fiscales antimafia<\/p>\n","protected":false},"author":1,"featured_media":47736,"comment_status":"open","ping_status":"open","sticky":false,"template":"","format":"standard","meta":{"footnotes":""},"categories":[1,226,228],"tags":[],"class_list":["post-47734","post","type-post","status-publish","format-standard","has-post-thumbnail","hentry","category-actualidad","category-locales","category-policiales"],"_links":{"self":[{"href":"https:\/\/actualizateiguazu.com\/v3\/wp-json\/wp\/v2\/posts\/47734","targetHints":{"allow":["GET"]}}],"collection":[{"href":"https:\/\/actualizateiguazu.com\/v3\/wp-json\/wp\/v2\/posts"}],"about":[{"href":"https:\/\/actualizateiguazu.com\/v3\/wp-json\/wp\/v2\/types\/post"}],"author":[{"embeddable":true,"href":"https:\/\/actualizateiguazu.com\/v3\/wp-json\/wp\/v2\/users\/1"}],"replies":[{"embeddable":true,"href":"https:\/\/actualizateiguazu.com\/v3\/wp-json\/wp\/v2\/comments?post=47734"}],"version-history":[{"count":3,"href":"https:\/\/actualizateiguazu.com\/v3\/wp-json\/wp\/v2\/posts\/47734\/revisions"}],"predecessor-version":[{"id":47743,"href":"https:\/\/actualizateiguazu.com\/v3\/wp-json\/wp\/v2\/posts\/47734\/revisions\/47743"}],"wp:featuredmedia":[{"embeddable":true,"href":"https:\/\/actualizateiguazu.com\/v3\/wp-json\/wp\/v2\/media\/47736"}],"wp:attachment":[{"href":"https:\/\/actualizateiguazu.com\/v3\/wp-json\/wp\/v2\/media?parent=47734"}],"wp:term":[{"taxonomy":"category","embeddable":true,"href":"https:\/\/actualizateiguazu.com\/v3\/wp-json\/wp\/v2\/categories?post=47734"},{"taxonomy":"post_tag","embeddable":true,"href":"https:\/\/actualizateiguazu.com\/v3\/wp-json\/wp\/v2\/tags?post=47734"}],"curies":[{"name":"wp","href":"https:\/\/api.w.org\/{rel}","templated":true}]}}