{"id":47751,"date":"2024-09-26T14:35:26","date_gmt":"2024-09-26T17:35:26","guid":{"rendered":"https:\/\/actualizateiguazu.com\/v3\/?p=47751"},"modified":"2024-09-26T14:35:26","modified_gmt":"2024-09-26T17:35:26","slug":"el-enano-competicion-termino-7-en-el-rally-en-alba-posse","status":"publish","type":"post","link":"https:\/\/actualizateiguazu.com\/v3\/2024\/09\/26\/el-enano-competicion-termino-7-en-el-rally-en-alba-posse\/","title":{"rendered":"El Enano Competici\u00f3n termin\u00f3 7\u00b0 en el Rally en Alba Posse"},"content":{"rendered":"<div class=\"xdj266r x11i5rnm xat24cr x1mh8g0r x1vvkbs x126k92a\">\n<div dir=\"auto\"><\/div>\n<\/div>\n<div class=\"x11i5rnm xat24cr x1mh8g0r x1vvkbs xtlvy1s x126k92a\">\n<div dir=\"auto\">La dupla de Puerto Iguaz\u00fa, integrada por Benjam\u00edn y Jorge Devechi (VW Gol) termin\u00f3 en la 7\u00b0 posici\u00f3n en la 5\u00b0 fecha de la Clase N2 8v del Campeonato Misionero de Rally que disput\u00f3 por los caminos vecinales de Alba Posse.<\/div>\n<div dir=\"auto\">En la segunda etapa, el binomio sali\u00f3 a recuperar el terreno perdi\u00f3 y pudo terminar la carrera con un tiempo de 1:10:49,5.<\/div>\n<div dir=\"auto\"><\/div>\n<div dir=\"auto\">En la 5ta fecha del S\u00faper Prime, ya con el auto herido, la dupla de Iguaz\u00fa fue 12\u00b0 con un tiempo de 01:17,8<\/div>\n<div dir=\"auto\">El Enano Competici\u00f3n agradeci\u00f3 el apoyo de toda la familia y de los Sponsor \u201cMaxikiosco Chiki, Taller chapa y pintura El Porte\u00f1o, Richard Gr\u00faas, Mercado de Lima, Agroferreter\u00eda La Yunta, Seven Matafuego, Lavadero M\u00e1ximo, Iguaz\u00fa Distribuciones, Iguaz\u00fa Fuels, Miriam Hab Centro de Est\u00e1tica, Martyniuk Autorepuestos, Tienda I Like, Mec\u00e1nica Jorge, Carli Qbiertas.<\/div>\n<div dir=\"auto\"><\/div>\n<div dir=\"auto\">La pr\u00f3xima fecha, la 6\u00b0 y ante\u00faltima fecha del calendario, ser\u00e1 el 25, 26 y 27 de octubre en Arist\u00f3bulo del Valle.<\/div>\n<\/div>\n","protected":false},"excerpt":{"rendered":"<p>La dupla de Puerto Iguaz\u00fa, integrada por Benjam\u00edn y Jorge Devechi (VW Gol) termin\u00f3 en<\/p>\n","protected":false},"author":1,"featured_media":47753,"comment_status":"open","ping_status":"open","sticky":false,"template":"","format":"standard","meta":{"footnotes":""},"categories":[1,223],"tags":[],"class_list":["post-47751","post","type-post","status-publish","format-standard","has-post-thumbnail","hentry","category-actualidad","category-deportes"],"_links":{"self":[{"href":"https:\/\/actualizateiguazu.com\/v3\/wp-json\/wp\/v2\/posts\/47751","targetHints":{"allow":["GET"]}}],"collection":[{"href":"https:\/\/actualizateiguazu.com\/v3\/wp-json\/wp\/v2\/posts"}],"about":[{"href":"https:\/\/actualizateiguazu.com\/v3\/wp-json\/wp\/v2\/types\/post"}],"author":[{"embeddable":true,"href":"https:\/\/actualizateiguazu.com\/v3\/wp-json\/wp\/v2\/users\/1"}],"replies":[{"embeddable":true,"href":"https:\/\/actualizateiguazu.com\/v3\/wp-json\/wp\/v2\/comments?post=47751"}],"version-history":[{"count":1,"href":"https:\/\/actualizateiguazu.com\/v3\/wp-json\/wp\/v2\/posts\/47751\/revisions"}],"predecessor-version":[{"id":47754,"href":"https:\/\/actualizateiguazu.com\/v3\/wp-json\/wp\/v2\/posts\/47751\/revisions\/47754"}],"wp:featuredmedia":[{"embeddable":true,"href":"https:\/\/actualizateiguazu.com\/v3\/wp-json\/wp\/v2\/media\/47753"}],"wp:attachment":[{"href":"https:\/\/actualizateiguazu.com\/v3\/wp-json\/wp\/v2\/media?parent=47751"}],"wp:term":[{"taxonomy":"category","embeddable":true,"href":"https:\/\/actualizateiguazu.com\/v3\/wp-json\/wp\/v2\/categories?post=47751"},{"taxonomy":"post_tag","embeddable":true,"href":"https:\/\/actualizateiguazu.com\/v3\/wp-json\/wp\/v2\/tags?post=47751"}],"curies":[{"name":"wp","href":"https:\/\/api.w.org\/{rel}","templated":true}]}}