{"id":47901,"date":"2024-10-05T18:39:52","date_gmt":"2024-10-05T21:39:52","guid":{"rendered":"https:\/\/actualizateiguazu.com\/v3\/?p=47901"},"modified":"2024-10-05T18:39:52","modified_gmt":"2024-10-05T21:39:52","slug":"civi-mas-de-715-veterinarios-se-capacitaron-en-puerto-iguazu","status":"publish","type":"post","link":"https:\/\/actualizateiguazu.com\/v3\/2024\/10\/05\/civi-mas-de-715-veterinarios-se-capacitaron-en-puerto-iguazu\/","title":{"rendered":"CIVI: M\u00e1s de 715 veterinarios se capacitaron en Puerto Iguaz\u00fa"},"content":{"rendered":"<p><em>El congreso Internacional de Veterinarios de Iguaz\u00fa (CIVI) reuni\u00f3 a mas de 600 profesionales de rubro, quienes por dos jornadas consecutivas se capacitaron y actualizaron conocimientos. Ademas participaron de rondas de negocios con los laboratorios que presentaron sus productos.<\/em><\/p>\n<p>Se trata de la segunda edici\u00f3n del Congreso Internacional Veterinario del Iguaz\u00fa (CIVI), que se desarroll\u00f3 en la ciudad de las Cataratas el viernes 4 y s\u00e1bado 5, el congreso reuni\u00f3 a m\u00e1s 715 profesionales de Latinoam\u00e9rica y cont\u00f3 con la presencia 50 stand de la industria veterinaria. El principal objetivo es la actualizaci\u00f3n en enfermedades de animales de compa\u00f1\u00eda. El evento es organizado por la Fundaci\u00f3n Aire, dirigido a m\u00e9dicos veterinarios y estudiantes de carreras de veterinaria.<\/p>\n<p><img loading=\"lazy\" decoding=\"async\" class=\"alignnone size-full wp-image-47903\" src=\"https:\/\/actualizateiguazu.com\/v3\/wp-content\/uploads\/2024\/10\/IMG_20241005_105658020-scaled.jpg\" alt=\"\" width=\"2560\" height=\"1920\" srcset=\"https:\/\/actualizateiguazu.com\/v3\/wp-content\/uploads\/2024\/10\/IMG_20241005_105658020-scaled.jpg 2560w, https:\/\/actualizateiguazu.com\/v3\/wp-content\/uploads\/2024\/10\/IMG_20241005_105658020-300x225.jpg 300w, https:\/\/actualizateiguazu.com\/v3\/wp-content\/uploads\/2024\/10\/IMG_20241005_105658020-1024x768.jpg 1024w, https:\/\/actualizateiguazu.com\/v3\/wp-content\/uploads\/2024\/10\/IMG_20241005_105658020-768x576.jpg 768w, https:\/\/actualizateiguazu.com\/v3\/wp-content\/uploads\/2024\/10\/IMG_20241005_105658020-1536x1152.jpg 1536w, https:\/\/actualizateiguazu.com\/v3\/wp-content\/uploads\/2024\/10\/IMG_20241005_105658020-2048x1536.jpg 2048w, https:\/\/actualizateiguazu.com\/v3\/wp-content\/uploads\/2024\/10\/IMG_20241005_105658020-720x540.jpg 720w\" sizes=\"auto, (max-width: 2560px) 100vw, 2560px\" \/><\/p>\n<p>Con la presencia de profesionales de m\u00e1s alto nivel quienes a trav\u00e9s de diferentes panelas abordaron temas de actualidad para la salud p\u00fablica, con \u00e9nfasis en la prevenci\u00f3n de enfermedades zoon\u00f3ticas. Asimismo, este a\u00f1o el Congreso Mundial de Medicina Veterinaria aplicada a Braquic\u00e9falicos se sum\u00f3 al congreso, para que los profesionales veterinarios est\u00e9n actualizados al abordar, de manera correcta, las enfermedades espec\u00edficas de este grupo de animales de compa\u00f1\u00eda.<\/p>\n<p>Al respecto Juan Pablo Luzuriaga resalt\u00f3 \u201cAparte de lo ofrecimos el a\u00f1o pasado, se realiz\u00f3 la reuni\u00f3n anual de gen\u00e9tica que es la mas alta alcurnia de los estudiantes de gen\u00e9tica veterinaria y se desarroll\u00f3 la reuni\u00f3n mundial de braquic\u00e9falos que atrajo una gran afluencia de veterinarios del exterior. A diferencia del a\u00f1o pasado contamos con una mayor cantidad de disertantes y de asistentes\u201d<\/p>\n<p>Luzuriaga resalt\u00f3 la importancia del Congreso no solo en lo que representa la capacitaci\u00f3n para los asistentes si no para la ciudad ya que alrededor de 1.200 personas ocuparon las plazas hoteleras del destino, teniendo en cuanta que los veterinarios arribaron con sus familias y los representantes de los laboratorios tambi\u00e9n aprovecharon para conocer Iguaz\u00fa y sus cataratas.<\/p>\n<p><img loading=\"lazy\" decoding=\"async\" class=\"alignnone size-full wp-image-47902\" src=\"https:\/\/actualizateiguazu.com\/v3\/wp-content\/uploads\/2024\/10\/IMG_20241005_105652575-scaled.jpg\" alt=\"\" width=\"2560\" height=\"1920\" srcset=\"https:\/\/actualizateiguazu.com\/v3\/wp-content\/uploads\/2024\/10\/IMG_20241005_105652575-scaled.jpg 2560w, https:\/\/actualizateiguazu.com\/v3\/wp-content\/uploads\/2024\/10\/IMG_20241005_105652575-300x225.jpg 300w, https:\/\/actualizateiguazu.com\/v3\/wp-content\/uploads\/2024\/10\/IMG_20241005_105652575-1024x768.jpg 1024w, https:\/\/actualizateiguazu.com\/v3\/wp-content\/uploads\/2024\/10\/IMG_20241005_105652575-768x576.jpg 768w, https:\/\/actualizateiguazu.com\/v3\/wp-content\/uploads\/2024\/10\/IMG_20241005_105652575-1536x1152.jpg 1536w, https:\/\/actualizateiguazu.com\/v3\/wp-content\/uploads\/2024\/10\/IMG_20241005_105652575-2048x1536.jpg 2048w, https:\/\/actualizateiguazu.com\/v3\/wp-content\/uploads\/2024\/10\/IMG_20241005_105652575-720x540.jpg 720w\" sizes=\"auto, (max-width: 2560px) 100vw, 2560px\" \/><\/p>\n<p>La Fundaci\u00f3n Aire, conjuntamente al congreso, realiza actividades de concientizaci\u00f3n y trabajos interdisciplinarios con profesionales de toda la provincia bajo el concepto de UNA SALUD de la OMS. \u201cEste a\u00f1o somos 1.500, el a\u00f1o pasado fuimos 710, lo contabilizamos y medimos la huella de carbono y lo que tratamos de hacer desde la Fundaci\u00f3n que organiza esto, junto con una gran cantidad de m\u00e9dicos profesionales, con el IMbio y la Municipalidad de Iguaz\u00fa hacer un trabajo social dentro de las 600 hect\u00e1reas donde dimos asistencia a los animales de compa\u00f1\u00eda, bajo el concepto de una salud donde se trata la salud ambiental, la salud animal y la salud de las personas\u201d remarc\u00f3 Luzuriaga.<\/p>\n<p>El programa una sola salud contempla en su \u00faltima etapa charlas sobre el bienestar animal y decir No Al Maltrato Animal en las escuelas para fortalecer la educaci\u00f3n de los m\u00e1s peque\u00f1os.<\/p>\n","protected":false},"excerpt":{"rendered":"<p>El congreso Internacional de Veterinarios de Iguaz\u00fa (CIVI) reuni\u00f3 a mas de 600 profesionales de<\/p>\n","protected":false},"author":1,"featured_media":47904,"comment_status":"open","ping_status":"open","sticky":false,"template":"","format":"standard","meta":{"footnotes":""},"categories":[1,226],"tags":[],"class_list":["post-47901","post","type-post","status-publish","format-standard","has-post-thumbnail","hentry","category-actualidad","category-locales"],"_links":{"self":[{"href":"https:\/\/actualizateiguazu.com\/v3\/wp-json\/wp\/v2\/posts\/47901","targetHints":{"allow":["GET"]}}],"collection":[{"href":"https:\/\/actualizateiguazu.com\/v3\/wp-json\/wp\/v2\/posts"}],"about":[{"href":"https:\/\/actualizateiguazu.com\/v3\/wp-json\/wp\/v2\/types\/post"}],"author":[{"embeddable":true,"href":"https:\/\/actualizateiguazu.com\/v3\/wp-json\/wp\/v2\/users\/1"}],"replies":[{"embeddable":true,"href":"https:\/\/actualizateiguazu.com\/v3\/wp-json\/wp\/v2\/comments?post=47901"}],"version-history":[{"count":1,"href":"https:\/\/actualizateiguazu.com\/v3\/wp-json\/wp\/v2\/posts\/47901\/revisions"}],"predecessor-version":[{"id":47905,"href":"https:\/\/actualizateiguazu.com\/v3\/wp-json\/wp\/v2\/posts\/47901\/revisions\/47905"}],"wp:featuredmedia":[{"embeddable":true,"href":"https:\/\/actualizateiguazu.com\/v3\/wp-json\/wp\/v2\/media\/47904"}],"wp:attachment":[{"href":"https:\/\/actualizateiguazu.com\/v3\/wp-json\/wp\/v2\/media?parent=47901"}],"wp:term":[{"taxonomy":"category","embeddable":true,"href":"https:\/\/actualizateiguazu.com\/v3\/wp-json\/wp\/v2\/categories?post=47901"},{"taxonomy":"post_tag","embeddable":true,"href":"https:\/\/actualizateiguazu.com\/v3\/wp-json\/wp\/v2\/tags?post=47901"}],"curies":[{"name":"wp","href":"https:\/\/api.w.org\/{rel}","templated":true}]}}