{"id":47930,"date":"2024-10-07T15:48:37","date_gmt":"2024-10-07T18:48:37","guid":{"rendered":"https:\/\/actualizateiguazu.com\/v3\/?p=47930"},"modified":"2024-10-07T15:48:37","modified_gmt":"2024-10-07T18:48:37","slug":"silva-y-luna-ganaron-las-elecciones-en-foz-do-iguazu-y-defendieron-la-union-y-posiciones-basadas-en-criterios-tecnicos","status":"publish","type":"post","link":"https:\/\/actualizateiguazu.com\/v3\/2024\/10\/07\/silva-y-luna-ganaron-las-elecciones-en-foz-do-iguazu-y-defendieron-la-union-y-posiciones-basadas-en-criterios-tecnicos\/","title":{"rendered":"Silva y Luna ganaron las elecciones en Foz Do Iguaz\u00fa y defendieron la uni\u00f3n y posiciones basadas en criterios t\u00e9cnicos"},"content":{"rendered":"<p>En sus primeras declaraciones tras ganar las elecciones celebradas en primera ronda este domingo, el general dijo que la victoria en la primera vuelta est\u00e1 construida y pretende sumar esfuerzos por la ciudad.<\/p>\n<p>En su primera declaraci\u00f3n a la prensa como alcalde electo de Foz do Igua\u00e7u, el general Joaquim Silva e Luna (PL) dijo que el momento es de unidad, independientemente de candidatos y partidos. \u201cEs hora de que nos sentemos, nos reunamos y unamos fuerzas. Todos por el mismo Foz\u201d, subraya.<\/p>\n<p>Poco despu\u00e9s del anuncio de la victoria, el domingo 6, se dirigi\u00f3 al comit\u00e9 de campa\u00f1a de la Avenida das Cataratas donde fue recibido por simpatizantes que lo esperaban ansiosos para la celebraci\u00f3n en las urnas.<\/p>\n<p>En medio del fervor por la victoria en la primera vuelta, el general destac\u00f3 el apoyo recibido del presidente estatal del PL, Fernando Giacobo, que estaba a su lado en el momento de la victoria, y del gobernador Ratinho J\u00fanior (PSD). \u201cNuestros acuerdos est\u00e1n sellados y apoyaremos a Foz en todo lo necesario\u201d.<\/p>\n<p>Silva e Luna dice que el pr\u00f3ximo paso es empezar a trabajar y que elegir\u00e1 a las secretarias con criterios t\u00e9cnicos. La primera acci\u00f3n, dice el alcalde electo, es agradecer a la poblaci\u00f3n. \u201cGracias por el cari\u00f1o que recibimos y decimos, gan\u00e9monos su confianza\u201d.<\/p>\n<p>Respecto al logro en la primera vuelta, destac\u00f3 que durante la campa\u00f1a fue aprendiendo poco a poco, lo que permiti\u00f3 construir el triunfo. \u201cTengo la humildad de reconocer que esta es una experiencia de aprendizaje. Vivimos en una curva de aprendizaje. Aprendimos poco a poco con cada acierto y error\u201d.<\/p>\n<p>Silva y Luna obtuvieron el 50,14% de los votos v\u00e1lidos, muy por delante del segundo clasificado, el ex alcalde Paulo Mac Donald Ghisi (PP), con el 32,58%. Airton Jos\u00e9 (PSB) termin\u00f3 la elecci\u00f3n en tercer lugar con un 11,03%, seguido de Samis da Silva (PSDB) con un 4,68%, Z\u00e9 Elias (Uni\u00e3o Brasil) con un 1,23%, Jurandir de Moura Latinha (Rede) con un 0,19% y S\u00e9rgio Caimi ( PMB), 0,15%.<\/p>\n<p>Fuente: H2Foz<\/p>\n","protected":false},"excerpt":{"rendered":"<p>En sus primeras declaraciones tras ganar las elecciones celebradas en primera ronda este domingo, el<\/p>\n","protected":false},"author":1,"featured_media":47931,"comment_status":"open","ping_status":"open","sticky":false,"template":"","format":"standard","meta":{"footnotes":""},"categories":[1,233],"tags":[],"class_list":["post-47930","post","type-post","status-publish","format-standard","has-post-thumbnail","hentry","category-actualidad","category-triple-frontera"],"_links":{"self":[{"href":"https:\/\/actualizateiguazu.com\/v3\/wp-json\/wp\/v2\/posts\/47930","targetHints":{"allow":["GET"]}}],"collection":[{"href":"https:\/\/actualizateiguazu.com\/v3\/wp-json\/wp\/v2\/posts"}],"about":[{"href":"https:\/\/actualizateiguazu.com\/v3\/wp-json\/wp\/v2\/types\/post"}],"author":[{"embeddable":true,"href":"https:\/\/actualizateiguazu.com\/v3\/wp-json\/wp\/v2\/users\/1"}],"replies":[{"embeddable":true,"href":"https:\/\/actualizateiguazu.com\/v3\/wp-json\/wp\/v2\/comments?post=47930"}],"version-history":[{"count":1,"href":"https:\/\/actualizateiguazu.com\/v3\/wp-json\/wp\/v2\/posts\/47930\/revisions"}],"predecessor-version":[{"id":47932,"href":"https:\/\/actualizateiguazu.com\/v3\/wp-json\/wp\/v2\/posts\/47930\/revisions\/47932"}],"wp:featuredmedia":[{"embeddable":true,"href":"https:\/\/actualizateiguazu.com\/v3\/wp-json\/wp\/v2\/media\/47931"}],"wp:attachment":[{"href":"https:\/\/actualizateiguazu.com\/v3\/wp-json\/wp\/v2\/media?parent=47930"}],"wp:term":[{"taxonomy":"category","embeddable":true,"href":"https:\/\/actualizateiguazu.com\/v3\/wp-json\/wp\/v2\/categories?post=47930"},{"taxonomy":"post_tag","embeddable":true,"href":"https:\/\/actualizateiguazu.com\/v3\/wp-json\/wp\/v2\/tags?post=47930"}],"curies":[{"name":"wp","href":"https:\/\/api.w.org\/{rel}","templated":true}]}}