{"id":48601,"date":"2024-11-13T16:50:53","date_gmt":"2024-11-13T19:50:53","guid":{"rendered":"https:\/\/actualizateiguazu.com\/v3\/?p=48601"},"modified":"2024-11-13T16:50:53","modified_gmt":"2024-11-13T19:50:53","slug":"los-titeres-de-kossa-nostra-promueven-la-conciencia-ambiental","status":"publish","type":"post","link":"https:\/\/actualizateiguazu.com\/v3\/2024\/11\/13\/los-titeres-de-kossa-nostra-promueven-la-conciencia-ambiental\/","title":{"rendered":"Los t\u00edteres de Kossa Nostra promueven la conciencia Ambiental"},"content":{"rendered":"<p>Con varios personajes en escena desde la Cooperativa Kossa Nostra promueven la conciencia ambiental, informan sobre las ultimas leyes aprobadas e ilustran como los cazadores furtivos da\u00f1an a la selva misionera.<\/p>\n<p>El humor es una de las herramientas mas usadas por la cooperativa Kossa Nostra para mostrar su arte, en esta oportunidad es una herramienta sumamente valiosa para llevar el mansaje de conciencia ambiental. Esta obra titulada \u201cLlegando los monos, a la pucha Tche\u201d busca concientizar a los ni\u00f1os y adultos que asisten a la presentaci\u00f3n primero que los monos pertenecen al monte y a la selva, que no son animales dom\u00e9sticos y segundo ilustran lo importantes que son para que el ecosistema este completo adem\u00e1s de la funci\u00f3n de reforestaci\u00f3n natural que estos animales cumplen en la selva.<\/p>\n<p>La obra ilustra todos los \u00e1mbitos, entre los personajes est\u00e1n Hilario y el Polaco quienes se refieren a la presencia del mono y cu\u00e1l es la relaci\u00f3n con las chacras, La maestra y el guardaparque quienes se encargan de ense\u00f1ar a los presentes la importancia del cuidado de las especies en peligro de extinci\u00f3n. No falta la historia de amor con los monos como protagonistas, el cazador furtivo, la arp\u00eda y la participaci\u00f3n especial del pombero.<\/p>\n<p><img loading=\"lazy\" decoding=\"async\" class=\"alignnone size-full wp-image-48602\" src=\"https:\/\/actualizateiguazu.com\/v3\/wp-content\/uploads\/2024\/11\/IMG_20241113_102629821-scaled.jpg\" alt=\"\" width=\"2560\" height=\"1920\" srcset=\"https:\/\/actualizateiguazu.com\/v3\/wp-content\/uploads\/2024\/11\/IMG_20241113_102629821-scaled.jpg 2560w, https:\/\/actualizateiguazu.com\/v3\/wp-content\/uploads\/2024\/11\/IMG_20241113_102629821-300x225.jpg 300w, https:\/\/actualizateiguazu.com\/v3\/wp-content\/uploads\/2024\/11\/IMG_20241113_102629821-1024x768.jpg 1024w, https:\/\/actualizateiguazu.com\/v3\/wp-content\/uploads\/2024\/11\/IMG_20241113_102629821-768x576.jpg 768w, https:\/\/actualizateiguazu.com\/v3\/wp-content\/uploads\/2024\/11\/IMG_20241113_102629821-1536x1152.jpg 1536w, https:\/\/actualizateiguazu.com\/v3\/wp-content\/uploads\/2024\/11\/IMG_20241113_102629821-2048x1536.jpg 2048w, https:\/\/actualizateiguazu.com\/v3\/wp-content\/uploads\/2024\/11\/IMG_20241113_102629821-720x540.jpg 720w\" sizes=\"auto, (max-width: 2560px) 100vw, 2560px\" \/><\/p>\n<p>La obra se estren\u00f3 este mi\u00e9rcoles en La Caba\u00f1a de los Mu\u00f1ecos y al respecto Tuny B\u00f3veda de Kossa Nostra se mostr\u00f3 muy feliz con los resultados de la obra que hasta cuenta con una canci\u00f3n escrita por ellos \u201cMuy felices de poder contribuir m\u00ednimamente con los t\u00edteres a la educaci\u00f3n ambiental a ayudar a concientizar sobre la importancia de conservar algunas especies que quedan muy poquitas como el mono caray\u00e1 rojo y otras que est\u00e1n volviendo como la arp\u00eda. La intenci\u00f3n es contribuir con los t\u00edteres a que la gente tome conciencia de su cuidado\u201d<\/p>\n<p>Respecto a conformaci\u00f3n de la obra B\u00f3veda indico \u201cLa intenci\u00f3n es interpelar todos los sectores, a todas las partes de la comunidad involucradas. Dirigirnos directamente a los j\u00f3venes y a los ni\u00f1os que son los trasmisores naturales del mensaje y del cambio. Empezar por ah\u00ed y que cada uno pueda replicar en su entorno\u201d<\/p>\n<p>Este Espect\u00e1culo cuenta con el apoyo del Instituto Nacional del teatro y el auspicio de Neotropical Primate Conservation, el Ministerio de Ecolog\u00eda de Misiones y la Secretaria General de Extensi\u00f3n Universitaria de la UNaM.<\/p>\n<p>&nbsp;<\/p>\n<p>&nbsp;<\/p>\n<p>&nbsp;<\/p>\n<p>&nbsp;<\/p>\n<p>&nbsp;<\/p>\n<p>&nbsp;<\/p>\n<p>&nbsp;<\/p>\n<p>&nbsp;<\/p>\n<p>&nbsp;<\/p>\n<p>&nbsp;<\/p>\n<p>&nbsp;<\/p>\n<p>&nbsp;<\/p>\n<p>&nbsp;<\/p>\n<p>&nbsp;<\/p>\n<p>.<\/p>\n","protected":false},"excerpt":{"rendered":"<p>Con varios personajes en escena desde la Cooperativa Kossa Nostra promueven la conciencia ambiental, informan<\/p>\n","protected":false},"author":1,"featured_media":48603,"comment_status":"open","ping_status":"open","sticky":false,"template":"","format":"standard","meta":{"footnotes":""},"categories":[1,222,237,226],"tags":[],"class_list":["post-48601","post","type-post","status-publish","format-standard","has-post-thumbnail","hentry","category-actualidad","category-cultura","category-ecologia","category-locales"],"_links":{"self":[{"href":"https:\/\/actualizateiguazu.com\/v3\/wp-json\/wp\/v2\/posts\/48601","targetHints":{"allow":["GET"]}}],"collection":[{"href":"https:\/\/actualizateiguazu.com\/v3\/wp-json\/wp\/v2\/posts"}],"about":[{"href":"https:\/\/actualizateiguazu.com\/v3\/wp-json\/wp\/v2\/types\/post"}],"author":[{"embeddable":true,"href":"https:\/\/actualizateiguazu.com\/v3\/wp-json\/wp\/v2\/users\/1"}],"replies":[{"embeddable":true,"href":"https:\/\/actualizateiguazu.com\/v3\/wp-json\/wp\/v2\/comments?post=48601"}],"version-history":[{"count":1,"href":"https:\/\/actualizateiguazu.com\/v3\/wp-json\/wp\/v2\/posts\/48601\/revisions"}],"predecessor-version":[{"id":48604,"href":"https:\/\/actualizateiguazu.com\/v3\/wp-json\/wp\/v2\/posts\/48601\/revisions\/48604"}],"wp:featuredmedia":[{"embeddable":true,"href":"https:\/\/actualizateiguazu.com\/v3\/wp-json\/wp\/v2\/media\/48603"}],"wp:attachment":[{"href":"https:\/\/actualizateiguazu.com\/v3\/wp-json\/wp\/v2\/media?parent=48601"}],"wp:term":[{"taxonomy":"category","embeddable":true,"href":"https:\/\/actualizateiguazu.com\/v3\/wp-json\/wp\/v2\/categories?post=48601"},{"taxonomy":"post_tag","embeddable":true,"href":"https:\/\/actualizateiguazu.com\/v3\/wp-json\/wp\/v2\/tags?post=48601"}],"curies":[{"name":"wp","href":"https:\/\/api.w.org\/{rel}","templated":true}]}}