{"id":49320,"date":"2025-01-02T15:53:37","date_gmt":"2025-01-02T18:53:37","guid":{"rendered":"https:\/\/actualizateiguazu.com\/v3\/?p=49320"},"modified":"2025-01-02T15:53:37","modified_gmt":"2025-01-02T18:53:37","slug":"la-jovencita-desaparecida-el-23-de-diciembre-se-comunico-con-su-familia","status":"publish","type":"post","link":"https:\/\/actualizateiguazu.com\/v3\/2025\/01\/02\/la-jovencita-desaparecida-el-23-de-diciembre-se-comunico-con-su-familia\/","title":{"rendered":"La Jovencita desaparecida el 23 de diciembre se comunic\u00f3 con su familia"},"content":{"rendered":"<p>El padre de la menor se present\u00f3 en la dependencia polic\u00eda para ampliar la denuncia y solicitar que se deje sin efecto la b\u00fasqueda. No dieron a conocer detalles simplemente remarcaron que se encuentra en buen estado de salud.<\/p>\n<p>A trav\u00e9s de las redes sociales la divisi\u00f3n Prensa de la Unidad Regional V dio a conocer que la jovencita buscada Eliane Gisel Bareiro se habr\u00eda comunicado con sus familiares luego de permanecer desde el 23 de diciembre desaparecida. Si bien la polic\u00eda no brindo\u00f3detalles del paradero la joven, en el dia de ayer conocidos de la joven comentaron los posteos en las redes sociales con una foto de la joven junto a otros dos, donde informaban que estaban bien en la localidad de El Soberbio.<\/p>\n<p>Desde la polic\u00eda confirmaron que la joven de 16 a\u00f1os que el pasado 23 de diciembre se ausent\u00f3 del domicilio sito en las 2000 hect\u00e1reas de Iguaz\u00fa autorizada por los progenitores y desde el pasado 31-12 su familia no volvi\u00f3 a tener noticias suyas, se comunic\u00f3 con sus familiares<\/p>\n<p>\u201cEn la fecha, su padre ampli\u00f3 la denuncia y solicit\u00f3 que se deje sin efecto la b\u00fasqueda, porque la joven ya se ha contactado con los denunciantes adem\u00e1s manifest\u00f3 que se encuentra en buen estado de salud\u201d<\/p>\n<p>A partir de la ampliaci\u00f3n de la denuncia se suspendi\u00f3 todo tipo de operativo de b\u00fasqueda de la menor que se encontraba activo en todo el territorio provincial.<\/p>\n<p>&nbsp;<\/p>\n","protected":false},"excerpt":{"rendered":"<p>El padre de la menor se present\u00f3 en la dependencia polic\u00eda para ampliar la denuncia<\/p>\n","protected":false},"author":1,"featured_media":49308,"comment_status":"open","ping_status":"open","sticky":false,"template":"","format":"standard","meta":{"footnotes":""},"categories":[1,226],"tags":[],"class_list":["post-49320","post","type-post","status-publish","format-standard","has-post-thumbnail","hentry","category-actualidad","category-locales"],"_links":{"self":[{"href":"https:\/\/actualizateiguazu.com\/v3\/wp-json\/wp\/v2\/posts\/49320","targetHints":{"allow":["GET"]}}],"collection":[{"href":"https:\/\/actualizateiguazu.com\/v3\/wp-json\/wp\/v2\/posts"}],"about":[{"href":"https:\/\/actualizateiguazu.com\/v3\/wp-json\/wp\/v2\/types\/post"}],"author":[{"embeddable":true,"href":"https:\/\/actualizateiguazu.com\/v3\/wp-json\/wp\/v2\/users\/1"}],"replies":[{"embeddable":true,"href":"https:\/\/actualizateiguazu.com\/v3\/wp-json\/wp\/v2\/comments?post=49320"}],"version-history":[{"count":1,"href":"https:\/\/actualizateiguazu.com\/v3\/wp-json\/wp\/v2\/posts\/49320\/revisions"}],"predecessor-version":[{"id":49321,"href":"https:\/\/actualizateiguazu.com\/v3\/wp-json\/wp\/v2\/posts\/49320\/revisions\/49321"}],"wp:featuredmedia":[{"embeddable":true,"href":"https:\/\/actualizateiguazu.com\/v3\/wp-json\/wp\/v2\/media\/49308"}],"wp:attachment":[{"href":"https:\/\/actualizateiguazu.com\/v3\/wp-json\/wp\/v2\/media?parent=49320"}],"wp:term":[{"taxonomy":"category","embeddable":true,"href":"https:\/\/actualizateiguazu.com\/v3\/wp-json\/wp\/v2\/categories?post=49320"},{"taxonomy":"post_tag","embeddable":true,"href":"https:\/\/actualizateiguazu.com\/v3\/wp-json\/wp\/v2\/tags?post=49320"}],"curies":[{"name":"wp","href":"https:\/\/api.w.org\/{rel}","templated":true}]}}