{"id":49608,"date":"2025-01-28T17:30:40","date_gmt":"2025-01-28T20:30:40","guid":{"rendered":"https:\/\/actualizateiguazu.com\/v3\/?p=49608"},"modified":"2025-01-28T17:30:40","modified_gmt":"2025-01-28T20:30:40","slug":"cuenta-regresiva-para-la-llegada-de-so-pra-contrariar-en-corrientes","status":"publish","type":"post","link":"https:\/\/actualizateiguazu.com\/v3\/2025\/01\/28\/cuenta-regresiva-para-la-llegada-de-so-pra-contrariar-en-corrientes\/","title":{"rendered":"Cuenta regresiva para la llegada de \u201cS\u00f3 Pra Contrariar\u201d en Corrientes"},"content":{"rendered":"<p style=\"font-weight: 400;\">S\u00f3 Pra Contrariar y Alexandre Pires est\u00e1n juntos nuevamente luego de una d\u00e9cada para \u201cO \u00faltimo encontro\u201d, la gira latinoamericana que est\u00e1 realizando la banda con la cual marcar\u00e1 la despedida del cantante de esta agrupaci\u00f3n que lo catapult\u00f3 a la fama con \u00e9xitos como \u201cEssa Tal libertade\u201d, \u201cDepois do prazer\u201d entre otros. La cita ser\u00e1 el pr\u00f3ximo s\u00e1bado 8 de febrero a las 21:00 horas en el Anfiteatro Tr\u00e1nsito Cocomarola (Corrientes).\u00a0Las entradas se pueden adquirir online a trav\u00e9s de\u00a0<a href=\"http:\/\/todoticket.ar\/\" data-saferedirecturl=\"https:\/\/www.google.com\/url?q=http:\/\/todoticket.ar&amp;source=gmail&amp;ust=1738182399509000&amp;usg=AOvVaw1dcvWT1gcwgrIT6I3NzcQ-\">todoticket.ar<\/a><\/p>\n<p style=\"font-weight: 400;\">Los compromisos de la gira comenzaron el pasado diez de enero, d\u00edas previos al cumplea\u00f1os n\u00famero 47 del hist\u00f3rico Frontman de la banda\u00a0Alexandre Pires. El primer compromiso se llev\u00f3 a cabo en Playa grande (Brasil), la pr\u00f3xima actuaci\u00f3n la tendr\u00e1n el 25 de este mes en Salvador de Bah\u00eda. Previo a su visita al litoral, la agenda del mes de febrero comienza con un concierto el domingo dos, en el Hotel Gran Nobile.<\/p>\n<p style=\"font-weight: 400;\">\n<p style=\"font-weight: 400;\"><strong>Sobre la banda<\/strong><\/p>\n<p style=\"font-weight: 400;\">\n<p style=\"font-weight: 400;\">La agrupaci\u00f3n nacida en Minas Gerais vuelve luego de una d\u00e9cada para su gira despedida \u201cO \u00faltimo encontro\u201d.\u00a0Los autores de \u00abCuando acaba el placer\u00bb vendieron 3 millones de copias de su cuarto \u00e1lbum en 1997 y alcanzaron una popularidad en toda Latinoam\u00e9rica. Si bien en 2002 el cantante Alexandre Pires se distanci\u00f3, en 2012 regres\u00f3 para celebrar los 25 a\u00f1os de la agrupaci\u00f3n, una etapa que se extendi\u00f3 por dos a\u00f1os.<\/p>\n<p style=\"font-weight: 400;\">Finalmente, en junio del 2023, en el programa Som Brasil, de TV Globo, Alexandre Pires anunci\u00f3 un nuevo retorno para el 2024, llamado \u00abSPC Ac\u00fastico 2 \u2013 O \u00daltimo Encontro\u00bb, en alusi\u00f3n al \u00e1lbum que grabaron en el 2002. La serie de shows se inici\u00f3 en abril pasado en Sao Paulo y el imponente concierto de samba y pagode con una orquesta dio origen a un nuevo disco llamado \u00abPra Guardar no Cora\u00e7\u00e3o\u00bb, que se lanz\u00f3 en agosto.<\/p>\n<p style=\"font-weight: 400;\">Due\u00f1os de \u00e9xitos como \u00abEssa tal libertad\u00bb, \u00abDepois do prazer\u00bb y \u00abQue se chama amor\u00bb, el grupo marc\u00f3 a toda una generaci\u00f3n en muchas partes del mundo causando principal impacto en Argentina. \u00abPra Guardar no Cora\u00e7\u00e3o\u00bb,su \u00faltimo \u00e1lbum, llega como una celebraci\u00f3n de esos a\u00f1os hist\u00f3ricos de la banda. El disco est\u00e1 compuesto por 21 canciones que demuestran la vigencia art\u00edstica de S\u00f3 Pra Contrariar y la gran variedad de estilos que habitan en esta nueva etapa.<\/p>\n","protected":false},"excerpt":{"rendered":"<p>S\u00f3 Pra Contrariar y Alexandre Pires est\u00e1n juntos nuevamente luego de una d\u00e9cada para \u201cO<\/p>\n","protected":false},"author":1,"featured_media":49609,"comment_status":"open","ping_status":"open","sticky":false,"template":"","format":"standard","meta":{"footnotes":""},"categories":[1,222],"tags":[],"class_list":["post-49608","post","type-post","status-publish","format-standard","has-post-thumbnail","hentry","category-actualidad","category-cultura"],"_links":{"self":[{"href":"https:\/\/actualizateiguazu.com\/v3\/wp-json\/wp\/v2\/posts\/49608","targetHints":{"allow":["GET"]}}],"collection":[{"href":"https:\/\/actualizateiguazu.com\/v3\/wp-json\/wp\/v2\/posts"}],"about":[{"href":"https:\/\/actualizateiguazu.com\/v3\/wp-json\/wp\/v2\/types\/post"}],"author":[{"embeddable":true,"href":"https:\/\/actualizateiguazu.com\/v3\/wp-json\/wp\/v2\/users\/1"}],"replies":[{"embeddable":true,"href":"https:\/\/actualizateiguazu.com\/v3\/wp-json\/wp\/v2\/comments?post=49608"}],"version-history":[{"count":1,"href":"https:\/\/actualizateiguazu.com\/v3\/wp-json\/wp\/v2\/posts\/49608\/revisions"}],"predecessor-version":[{"id":49610,"href":"https:\/\/actualizateiguazu.com\/v3\/wp-json\/wp\/v2\/posts\/49608\/revisions\/49610"}],"wp:featuredmedia":[{"embeddable":true,"href":"https:\/\/actualizateiguazu.com\/v3\/wp-json\/wp\/v2\/media\/49609"}],"wp:attachment":[{"href":"https:\/\/actualizateiguazu.com\/v3\/wp-json\/wp\/v2\/media?parent=49608"}],"wp:term":[{"taxonomy":"category","embeddable":true,"href":"https:\/\/actualizateiguazu.com\/v3\/wp-json\/wp\/v2\/categories?post=49608"},{"taxonomy":"post_tag","embeddable":true,"href":"https:\/\/actualizateiguazu.com\/v3\/wp-json\/wp\/v2\/tags?post=49608"}],"curies":[{"name":"wp","href":"https:\/\/api.w.org\/{rel}","templated":true}]}}