{"id":49654,"date":"2025-01-31T16:38:23","date_gmt":"2025-01-31T19:38:23","guid":{"rendered":"https:\/\/actualizateiguazu.com\/v3\/?p=49654"},"modified":"2025-01-31T16:38:23","modified_gmt":"2025-01-31T19:38:23","slug":"maltrato-animal-mataron-a-dos-perros-en-menos-de-una-semana-en-puerto-libertad","status":"publish","type":"post","link":"https:\/\/actualizateiguazu.com\/v3\/2025\/01\/31\/maltrato-animal-mataron-a-dos-perros-en-menos-de-una-semana-en-puerto-libertad\/","title":{"rendered":"Maltrato animal: Mataron a dos perros en menos de una semana en Puerto Libertad"},"content":{"rendered":"<p>En los \u00faltimos d\u00edas la polic\u00eda de Misiones informo la detenci\u00f3n de dos hombres acusados de ultimar a los perros de sus vecinos. La seguidilla de hechos de maltrato animal preocupa a la comunidad. Ambos hechos ocurrieron en barrio Itati.<\/p>\n<p>El pasado domingo un hombre de 54 a\u00f1os fue detenido acusado de ultimar el perro de un vecino a machetazos, el hombre fue hallado por la polic\u00eda cuando intento esconderse en el monte y en su poder ten\u00eda el machete. El segundo hecho se registr\u00f3 d\u00edas despu\u00e9s por el hecho la polic\u00eda detuvo al presunto autor del hecho que adem\u00e1s de matarlo lo arrojo a un arroyo.<\/p>\n<p>Seg\u00fan detallo la polic\u00eda de Misiones efectivos de la comisar\u00eda de Puerto Libertad detuvieron a un hombre de 32 a\u00f1os, se\u00f1alado como el responsable de la violenta muerte del perro de su vecina, al que le propin\u00f3 m\u00faltiples golpes con una madera.<\/p>\n<p>El hecho ocurri\u00f3 en la tarde de este jueves en el barrio Itat\u00ed, de Puerto Libertad. Donde la v\u00edctima, una mujer de 36 a\u00f1os, alert\u00f3 a los agentes que su vecino hab\u00eda golpeado brutalmente a su perro mestizo y posteriormente lo arroj\u00f3 sin vida al cauce de un arroyo.<\/p>\n<p>Tras recibir la denuncia, la polic\u00eda logr\u00f3 identificar al agresor y secuestr\u00f3 la madera que habr\u00eda utilizado para infligir las lesiones mortales al animal. Finalmente, el acusado fue puesto a disposici\u00f3n de la Justicia.<\/p>\n<p>En ninguno de los casos trascendi\u00f3 el motivo por el cual los detenidos hab\u00edan ultimado a los animales de sus vecinos. Esta practica preocupa de la comunidad.<\/p>\n","protected":false},"excerpt":{"rendered":"<p>En los \u00faltimos d\u00edas la polic\u00eda de Misiones informo la detenci\u00f3n de dos hombres acusados<\/p>\n","protected":false},"author":1,"featured_media":49655,"comment_status":"open","ping_status":"open","sticky":false,"template":"","format":"standard","meta":{"footnotes":""},"categories":[1,226,228],"tags":[],"class_list":["post-49654","post","type-post","status-publish","format-standard","has-post-thumbnail","hentry","category-actualidad","category-locales","category-policiales"],"_links":{"self":[{"href":"https:\/\/actualizateiguazu.com\/v3\/wp-json\/wp\/v2\/posts\/49654","targetHints":{"allow":["GET"]}}],"collection":[{"href":"https:\/\/actualizateiguazu.com\/v3\/wp-json\/wp\/v2\/posts"}],"about":[{"href":"https:\/\/actualizateiguazu.com\/v3\/wp-json\/wp\/v2\/types\/post"}],"author":[{"embeddable":true,"href":"https:\/\/actualizateiguazu.com\/v3\/wp-json\/wp\/v2\/users\/1"}],"replies":[{"embeddable":true,"href":"https:\/\/actualizateiguazu.com\/v3\/wp-json\/wp\/v2\/comments?post=49654"}],"version-history":[{"count":2,"href":"https:\/\/actualizateiguazu.com\/v3\/wp-json\/wp\/v2\/posts\/49654\/revisions"}],"predecessor-version":[{"id":49657,"href":"https:\/\/actualizateiguazu.com\/v3\/wp-json\/wp\/v2\/posts\/49654\/revisions\/49657"}],"wp:featuredmedia":[{"embeddable":true,"href":"https:\/\/actualizateiguazu.com\/v3\/wp-json\/wp\/v2\/media\/49655"}],"wp:attachment":[{"href":"https:\/\/actualizateiguazu.com\/v3\/wp-json\/wp\/v2\/media?parent=49654"}],"wp:term":[{"taxonomy":"category","embeddable":true,"href":"https:\/\/actualizateiguazu.com\/v3\/wp-json\/wp\/v2\/categories?post=49654"},{"taxonomy":"post_tag","embeddable":true,"href":"https:\/\/actualizateiguazu.com\/v3\/wp-json\/wp\/v2\/tags?post=49654"}],"curies":[{"name":"wp","href":"https:\/\/api.w.org\/{rel}","templated":true}]}}