{"id":49727,"date":"2025-02-06T15:54:22","date_gmt":"2025-02-06T18:54:22","guid":{"rendered":"https:\/\/actualizateiguazu.com\/v3\/?p=49727"},"modified":"2025-02-06T15:54:22","modified_gmt":"2025-02-06T18:54:22","slug":"iguazu-crearon-el-registro-de-vehiculos-de-movilidad-personal-y-reglamentaron-el-uso-de-los-mismos","status":"publish","type":"post","link":"https:\/\/actualizateiguazu.com\/v3\/2025\/02\/06\/iguazu-crearon-el-registro-de-vehiculos-de-movilidad-personal-y-reglamentaron-el-uso-de-los-mismos\/","title":{"rendered":"Iguaz\u00fa: Crearon el registro de veh\u00edculos de Movilidad Personal y reglamentaron el uso de los mismos"},"content":{"rendered":"<p>En la 1\u00ba sesi\u00f3n ordinaria del a\u00f1o, los Conejales aprobaron la ordenanza que reglamenta el uso de los veh\u00edculos de Movilidad Personal. Los Usuarios deber\u00e1n inscribirles, contar con seguro y no podr\u00e1n circular por las aceras. La normativa tiene un plazo de 60 d\u00edas.<\/p>\n<p>Este jueves los concejales volvieron a sesionar tras la apertura del ciclo legislativo 2025, el orden del d\u00eda contaba con tres puntos, el primero relacionado a la reglamentaci\u00f3n del uso de los veh\u00edculos de Movilidad Personal, el segundo punto era un proyecto de comunicaci\u00f3n relacionado al pedido de reparaci\u00f3n de la avenida san Martin el sector de adoquines entre avenida Victoria Aguirre y Tres fronteras \u00a0en Plaza San Martin que nuevamente este en p\u00e9simo estado y el tercero fue el pase a archivo de proyectos por extempor\u00e1neos.<\/p>\n<p>Le reglamentaci\u00f3n del uso y creaci\u00f3n del registro de veh\u00edculos de Movilidad Personal hab\u00eda quedado pendiente del a\u00f1o pasado. Se trata del expediente 102\/24, un proyecto de ordenanza que regula y se ajusta a la Ciudad de Puerto Iguaz\u00fa el uso de estos veh\u00edculos tras la adhesi\u00f3n a la disposici\u00f3n 480\/2020 de la Agencia de Seguridad Vial y las Leyes de tr\u00e1nsito 24.449 y 26.363 a trav\u00e9s de la ordenanza 41\/24.<\/p>\n<p>En su articulado la ordenanza aprobada por mayor\u00eda primero autoriza el uso de los veh\u00edculos de Movilidad Personal, excluye de a las bicicletas comunes y asistidas de esta normativa. Reglamenta que los usuarios deben utilizar las medidas de seguridad como casco, chaleco refractario. Proh\u00edbe el uso de auriculares y tel\u00e9fono celulares al momento uso de los mismo.<\/p>\n<p>Los usuarios deber\u00e1n circular por la derecha pudiendo cambiar de carril para ejecutar acciones de sobrepaso o giro. Queda prohibida la circulaci\u00f3n de estos veh\u00edculos por aceras o veredas. Y estar\u00e1 sujeto a multas al conducir los veh\u00edculos bajo los efectos de alcohol o estupefacientes.<\/p>\n<p>El uso de los veh\u00edculos esta autorizado para mayores de 16 a\u00f1os, deber\u00e1n contar con seguro para terceros y exhibir una oblea que ser\u00e1 entregada por el municipio tras la inscripci\u00f3n del mismo en el Registro de veh\u00edculos de Movilidad Personal.<\/p>\n<p>La ordenanza aprobada por unanimidad prev\u00e9 un plazo de 60 d\u00edas para su aplicaci\u00f3n, los usuarios deber\u00e1n exhibir la documentaci\u00f3n que prev\u00e9 la ordenanza en los controles vehiculares y las multas estar\u00e1n sujetas al Juzgado de Faltas de la ciudad.<\/p>\n<p>&nbsp;<\/p>\n<p>&nbsp;<\/p>\n","protected":false},"excerpt":{"rendered":"<p>En la 1\u00ba sesi\u00f3n ordinaria del a\u00f1o, los Conejales aprobaron la ordenanza que reglamenta el<\/p>\n","protected":false},"author":1,"featured_media":49728,"comment_status":"open","ping_status":"open","sticky":false,"template":"","format":"standard","meta":{"footnotes":""},"categories":[1,226,238],"tags":[],"class_list":["post-49727","post","type-post","status-publish","format-standard","has-post-thumbnail","hentry","category-actualidad","category-locales","category-politica"],"_links":{"self":[{"href":"https:\/\/actualizateiguazu.com\/v3\/wp-json\/wp\/v2\/posts\/49727","targetHints":{"allow":["GET"]}}],"collection":[{"href":"https:\/\/actualizateiguazu.com\/v3\/wp-json\/wp\/v2\/posts"}],"about":[{"href":"https:\/\/actualizateiguazu.com\/v3\/wp-json\/wp\/v2\/types\/post"}],"author":[{"embeddable":true,"href":"https:\/\/actualizateiguazu.com\/v3\/wp-json\/wp\/v2\/users\/1"}],"replies":[{"embeddable":true,"href":"https:\/\/actualizateiguazu.com\/v3\/wp-json\/wp\/v2\/comments?post=49727"}],"version-history":[{"count":1,"href":"https:\/\/actualizateiguazu.com\/v3\/wp-json\/wp\/v2\/posts\/49727\/revisions"}],"predecessor-version":[{"id":49729,"href":"https:\/\/actualizateiguazu.com\/v3\/wp-json\/wp\/v2\/posts\/49727\/revisions\/49729"}],"wp:featuredmedia":[{"embeddable":true,"href":"https:\/\/actualizateiguazu.com\/v3\/wp-json\/wp\/v2\/media\/49728"}],"wp:attachment":[{"href":"https:\/\/actualizateiguazu.com\/v3\/wp-json\/wp\/v2\/media?parent=49727"}],"wp:term":[{"taxonomy":"category","embeddable":true,"href":"https:\/\/actualizateiguazu.com\/v3\/wp-json\/wp\/v2\/categories?post=49727"},{"taxonomy":"post_tag","embeddable":true,"href":"https:\/\/actualizateiguazu.com\/v3\/wp-json\/wp\/v2\/tags?post=49727"}],"curies":[{"name":"wp","href":"https:\/\/api.w.org\/{rel}","templated":true}]}}