{"id":49730,"date":"2025-02-06T17:58:56","date_gmt":"2025-02-06T20:58:56","guid":{"rendered":"https:\/\/actualizateiguazu.com\/v3\/?p=49730"},"modified":"2025-02-06T17:58:56","modified_gmt":"2025-02-06T20:58:56","slug":"concejales-solicitan-la-reparacion-de-la-calle-de-adoquines-en-el-centro-de-la-ciudad","status":"publish","type":"post","link":"https:\/\/actualizateiguazu.com\/v3\/2025\/02\/06\/concejales-solicitan-la-reparacion-de-la-calle-de-adoquines-en-el-centro-de-la-ciudad\/","title":{"rendered":"Concejales solicitan la reparaci\u00f3n de la calle de adoquines en el centro de la ciudad"},"content":{"rendered":"<p>Nuevamente el sector de la avenida San Martin entre Victoria Aguirre y Tres Fronteras se encuentra en estado deplorable. Los concejales solicitaron el municipio la reparaci\u00f3n de la misma.<\/p>\n<p>A trav\u00e9s de un proyecto de comunicaci\u00f3n impulsado por la concejal Raquel Matcosky y aprobado por todo el cuerpo deliberativo elevaran un pedido de reparaci\u00f3n integral del sector de adoquines se la avenida San Martin ubicado en el Centro C\u00edvico de Puerto Iguaz\u00fa. Dicho sector fue reparado en varias oportunidades no obstante el trabajo, al parecer, no fue bien ejecutado y volvi\u00f3 a presentar una deformaci\u00f3n importante que la hace casi intransitable.<\/p>\n<p>En los considerandos del proyecto de comunicaci\u00f3n la autora remarca que el pedido esta basado en las quejas de los conductores que deben transitar por el lugar. Habla del hundimiento de la calzada y la rotura de algunos adoquines, haciendo especial hincapi\u00e9 en la necesidad de reparar la v\u00eda de circulaci\u00f3n para seguridad de todos sin descuidar el hecho de que dicho sector es considerado patrimonio hist\u00f3rico ya que ese sector aun tiene adoquines.<\/p>\n<p><img loading=\"lazy\" decoding=\"async\" class=\"alignnone size-full wp-image-49731\" src=\"https:\/\/actualizateiguazu.com\/v3\/wp-content\/uploads\/2025\/02\/IMG_20221003_180502895-scaled.jpg\" alt=\"\" width=\"2560\" height=\"1440\" srcset=\"https:\/\/actualizateiguazu.com\/v3\/wp-content\/uploads\/2025\/02\/IMG_20221003_180502895-scaled.jpg 2560w, https:\/\/actualizateiguazu.com\/v3\/wp-content\/uploads\/2025\/02\/IMG_20221003_180502895-300x169.jpg 300w, https:\/\/actualizateiguazu.com\/v3\/wp-content\/uploads\/2025\/02\/IMG_20221003_180502895-1024x576.jpg 1024w, https:\/\/actualizateiguazu.com\/v3\/wp-content\/uploads\/2025\/02\/IMG_20221003_180502895-768x432.jpg 768w, https:\/\/actualizateiguazu.com\/v3\/wp-content\/uploads\/2025\/02\/IMG_20221003_180502895-1536x864.jpg 1536w, https:\/\/actualizateiguazu.com\/v3\/wp-content\/uploads\/2025\/02\/IMG_20221003_180502895-2048x1152.jpg 2048w, https:\/\/actualizateiguazu.com\/v3\/wp-content\/uploads\/2025\/02\/IMG_20221003_180502895-800x450.jpg 800w\" sizes=\"auto, (max-width: 2560px) 100vw, 2560px\" \/><\/p>\n<p>Hace aproximadamente 3 a\u00f1os Vialidad Provincial avanzo en un proyecto de reparaci\u00f3n a pedido del gobernador en ese Momento Oscar Herrera Ahuad, sin embargo, no trascendi\u00f3 si concretaron el proyecto o idearon una forma para solucionar de forma definitiva ese sector que es transitado por pr\u00e1cticamente todas las l\u00edneas de colectivos y trasportes de turismo.<\/p>\n<p>&nbsp;<\/p>\n","protected":false},"excerpt":{"rendered":"<p>Nuevamente el sector de la avenida San Martin entre Victoria Aguirre y Tres Fronteras se<\/p>\n","protected":false},"author":1,"featured_media":49732,"comment_status":"open","ping_status":"open","sticky":false,"template":"","format":"standard","meta":{"footnotes":""},"categories":[1,226,238],"tags":[],"class_list":["post-49730","post","type-post","status-publish","format-standard","has-post-thumbnail","hentry","category-actualidad","category-locales","category-politica"],"_links":{"self":[{"href":"https:\/\/actualizateiguazu.com\/v3\/wp-json\/wp\/v2\/posts\/49730","targetHints":{"allow":["GET"]}}],"collection":[{"href":"https:\/\/actualizateiguazu.com\/v3\/wp-json\/wp\/v2\/posts"}],"about":[{"href":"https:\/\/actualizateiguazu.com\/v3\/wp-json\/wp\/v2\/types\/post"}],"author":[{"embeddable":true,"href":"https:\/\/actualizateiguazu.com\/v3\/wp-json\/wp\/v2\/users\/1"}],"replies":[{"embeddable":true,"href":"https:\/\/actualizateiguazu.com\/v3\/wp-json\/wp\/v2\/comments?post=49730"}],"version-history":[{"count":2,"href":"https:\/\/actualizateiguazu.com\/v3\/wp-json\/wp\/v2\/posts\/49730\/revisions"}],"predecessor-version":[{"id":49734,"href":"https:\/\/actualizateiguazu.com\/v3\/wp-json\/wp\/v2\/posts\/49730\/revisions\/49734"}],"wp:featuredmedia":[{"embeddable":true,"href":"https:\/\/actualizateiguazu.com\/v3\/wp-json\/wp\/v2\/media\/49732"}],"wp:attachment":[{"href":"https:\/\/actualizateiguazu.com\/v3\/wp-json\/wp\/v2\/media?parent=49730"}],"wp:term":[{"taxonomy":"category","embeddable":true,"href":"https:\/\/actualizateiguazu.com\/v3\/wp-json\/wp\/v2\/categories?post=49730"},{"taxonomy":"post_tag","embeddable":true,"href":"https:\/\/actualizateiguazu.com\/v3\/wp-json\/wp\/v2\/tags?post=49730"}],"curies":[{"name":"wp","href":"https:\/\/api.w.org\/{rel}","templated":true}]}}