{"id":49770,"date":"2025-02-08T20:52:29","date_gmt":"2025-02-08T23:52:29","guid":{"rendered":"https:\/\/actualizateiguazu.com\/v3\/?p=49770"},"modified":"2025-02-08T20:58:26","modified_gmt":"2025-02-08T23:58:26","slug":"fallecio-un-hombre-tras-recibir-una-descarga-electrica-en-iguazu","status":"publish","type":"post","link":"https:\/\/actualizateiguazu.com\/v3\/2025\/02\/08\/fallecio-un-hombre-tras-recibir-una-descarga-electrica-en-iguazu\/","title":{"rendered":"Falleci\u00f3 un hombre tras recibir una descarga el\u00e9ctrica en Iguaz\u00fa"},"content":{"rendered":"<p>Un hombre de 29 a\u00f1os, identificado como Juan Ram\u00f3n Batista, falleci\u00f3 esta ma\u00f1ana tras recibir una descarga el\u00e9ctrica mientras realizaba una conexi\u00f3n en un poste de alta tensi\u00f3n. El hombre, seg\u00fan se pudo establecer con los familiares, estar\u00eda realizando una conexi\u00f3n no autorizada y al recibir la descarga cay\u00f3 desde una altura de aproximadamente 5 metros.<\/p>\n<p>Efectivos de la Seccional Cuarta tomaron conocimiento del hecho alrededor de las 11:45 horas y se constituyeron inmediatamente en el hospital local, donde la v\u00edctima hab\u00eda sido trasladado por allegados, pero finalmente falleci\u00f3.<\/p>\n<p>El m\u00e9dico policial determin\u00f3 que el cuerpo presentaba una herida cortante en la cabeza y quemaduras en ambas manos, estableciendo como causa de defunci\u00f3n \u00abelectrocuci\u00f3n\u00bb. El Juez de Instrucci\u00f3n N\u00b0 3 dispuso la entrega del cuerpo a los familiares para su velatorio y posterior inhumaci\u00f3n.<\/p>\n","protected":false},"excerpt":{"rendered":"<p>Un hombre de 29 a\u00f1os, identificado como Juan Ram\u00f3n Batista, falleci\u00f3 esta ma\u00f1ana tras recibir<\/p>\n","protected":false},"author":1,"featured_media":49771,"comment_status":"open","ping_status":"open","sticky":false,"template":"","format":"standard","meta":{"footnotes":""},"categories":[1,226,228],"tags":[],"class_list":["post-49770","post","type-post","status-publish","format-standard","has-post-thumbnail","hentry","category-actualidad","category-locales","category-policiales"],"_links":{"self":[{"href":"https:\/\/actualizateiguazu.com\/v3\/wp-json\/wp\/v2\/posts\/49770","targetHints":{"allow":["GET"]}}],"collection":[{"href":"https:\/\/actualizateiguazu.com\/v3\/wp-json\/wp\/v2\/posts"}],"about":[{"href":"https:\/\/actualizateiguazu.com\/v3\/wp-json\/wp\/v2\/types\/post"}],"author":[{"embeddable":true,"href":"https:\/\/actualizateiguazu.com\/v3\/wp-json\/wp\/v2\/users\/1"}],"replies":[{"embeddable":true,"href":"https:\/\/actualizateiguazu.com\/v3\/wp-json\/wp\/v2\/comments?post=49770"}],"version-history":[{"count":1,"href":"https:\/\/actualizateiguazu.com\/v3\/wp-json\/wp\/v2\/posts\/49770\/revisions"}],"predecessor-version":[{"id":49772,"href":"https:\/\/actualizateiguazu.com\/v3\/wp-json\/wp\/v2\/posts\/49770\/revisions\/49772"}],"wp:featuredmedia":[{"embeddable":true,"href":"https:\/\/actualizateiguazu.com\/v3\/wp-json\/wp\/v2\/media\/49771"}],"wp:attachment":[{"href":"https:\/\/actualizateiguazu.com\/v3\/wp-json\/wp\/v2\/media?parent=49770"}],"wp:term":[{"taxonomy":"category","embeddable":true,"href":"https:\/\/actualizateiguazu.com\/v3\/wp-json\/wp\/v2\/categories?post=49770"},{"taxonomy":"post_tag","embeddable":true,"href":"https:\/\/actualizateiguazu.com\/v3\/wp-json\/wp\/v2\/tags?post=49770"}],"curies":[{"name":"wp","href":"https:\/\/api.w.org\/{rel}","templated":true}]}}