{"id":49828,"date":"2025-02-11T22:07:26","date_gmt":"2025-02-12T01:07:26","guid":{"rendered":"https:\/\/actualizateiguazu.com\/v3\/?p=49828"},"modified":"2025-02-11T22:07:26","modified_gmt":"2025-02-12T01:07:26","slug":"dos-menores-y-un-adulto-demorados-por-tentativa-de-robo-de-cables-en-iguazu","status":"publish","type":"post","link":"https:\/\/actualizateiguazu.com\/v3\/2025\/02\/11\/dos-menores-y-un-adulto-demorados-por-tentativa-de-robo-de-cables-en-iguazu\/","title":{"rendered":"Dos menores y un adulto demorados por tentativa de robo de cables en Iguaz\u00fa"},"content":{"rendered":"<p>En un r\u00e1pido operativo desplegado por la Unidad Regional V de Puerto Iguaz\u00fa, arrestaron y pusieron a disposici\u00f3n de la justicia a dos menores y un mayor, investigados por la tentativa de sustracci\u00f3n de cables de la l\u00ednea 33 KV. Esta acci\u00f3n delictiva afect\u00f3 a gran parte de la ciudad de las Cataratas, donde alrededor de 25 mil usuarios quedaron sin servicio el\u00e9ctrico.<\/p>\n<p>En este momento, Electricidad de Misiones se encuentra trabajando en la zona y el servicio est\u00e1 siendo restablecido gradualmente.<\/p>\n<p>El hecho se constat\u00f3 este martes, cerca de las 19:50 horas, cuando los efectivos fueron alertados sobre que v\u00e1ndalos hab\u00edan da\u00f1ado la l\u00ednea, aparentemente utilizando un cuchillo. El corte en el conductor de media tensi\u00f3n fue localizado en la zona conocida como Selva Iryap\u00fa. Tras un patrullaje, los efectivos encontraron a dos menores, uno de 16 y otro de 17 a\u00f1os, y un mayor de 21 a\u00f1os, con trozos de cables en su poder.<\/p>\n<p>La Polic\u00eda determin\u00f3, que los mismos se encontraban realizando una fogata en el monte para quitar el pl\u00e1stico que recubre los cables que ten\u00edan en su poder. As\u00ed, los tres presuntos involucrados en el hecho fueron demorados y puestos a disposici\u00f3n de la Justicia.<\/p>\n<p>Cabe se\u00f1alar que la Polic\u00eda Cient\u00edfica, en forma conjunta con el personal de EMSA, recorrieron la zona, logrando detectar un corte en un cableado subterr\u00e1neo de la mencionada l\u00ednea el\u00e9ctrica, el cual habr\u00eda sido provocado con un cuchillo que fue hallado dentro de la c\u00e1mara de acceso a los ductos de media tensi\u00f3n.<\/p>\n<p>Por estas horas, contin\u00faan los peritajes y la investigaci\u00f3n policial para determinar la participaci\u00f3n de los sospechosos demorados y llevar a cabo el levantamiento de elementos probatorios y testimoniales.<\/p>\n","protected":false},"excerpt":{"rendered":"<p>En un r\u00e1pido operativo desplegado por la Unidad Regional V de Puerto Iguaz\u00fa, arrestaron y<\/p>\n","protected":false},"author":1,"featured_media":49829,"comment_status":"open","ping_status":"open","sticky":false,"template":"","format":"standard","meta":{"footnotes":""},"categories":[1,226],"tags":[],"class_list":["post-49828","post","type-post","status-publish","format-standard","has-post-thumbnail","hentry","category-actualidad","category-locales"],"_links":{"self":[{"href":"https:\/\/actualizateiguazu.com\/v3\/wp-json\/wp\/v2\/posts\/49828","targetHints":{"allow":["GET"]}}],"collection":[{"href":"https:\/\/actualizateiguazu.com\/v3\/wp-json\/wp\/v2\/posts"}],"about":[{"href":"https:\/\/actualizateiguazu.com\/v3\/wp-json\/wp\/v2\/types\/post"}],"author":[{"embeddable":true,"href":"https:\/\/actualizateiguazu.com\/v3\/wp-json\/wp\/v2\/users\/1"}],"replies":[{"embeddable":true,"href":"https:\/\/actualizateiguazu.com\/v3\/wp-json\/wp\/v2\/comments?post=49828"}],"version-history":[{"count":1,"href":"https:\/\/actualizateiguazu.com\/v3\/wp-json\/wp\/v2\/posts\/49828\/revisions"}],"predecessor-version":[{"id":49830,"href":"https:\/\/actualizateiguazu.com\/v3\/wp-json\/wp\/v2\/posts\/49828\/revisions\/49830"}],"wp:featuredmedia":[{"embeddable":true,"href":"https:\/\/actualizateiguazu.com\/v3\/wp-json\/wp\/v2\/media\/49829"}],"wp:attachment":[{"href":"https:\/\/actualizateiguazu.com\/v3\/wp-json\/wp\/v2\/media?parent=49828"}],"wp:term":[{"taxonomy":"category","embeddable":true,"href":"https:\/\/actualizateiguazu.com\/v3\/wp-json\/wp\/v2\/categories?post=49828"},{"taxonomy":"post_tag","embeddable":true,"href":"https:\/\/actualizateiguazu.com\/v3\/wp-json\/wp\/v2\/tags?post=49828"}],"curies":[{"name":"wp","href":"https:\/\/api.w.org\/{rel}","templated":true}]}}