{"id":49868,"date":"2025-02-15T08:12:05","date_gmt":"2025-02-15T11:12:05","guid":{"rendered":"https:\/\/actualizateiguazu.com\/v3\/?p=49868"},"modified":"2025-02-15T08:12:05","modified_gmt":"2025-02-15T11:12:05","slug":"iguazu-aun-no-definieron-los-requisitos-para-la-inscripcion-de-los-monopatines-electricos","status":"publish","type":"post","link":"https:\/\/actualizateiguazu.com\/v3\/2025\/02\/15\/iguazu-aun-no-definieron-los-requisitos-para-la-inscripcion-de-los-monopatines-electricos\/","title":{"rendered":"Iguaz\u00fa: A\u00fan no definieron los requisitos para la inscripci\u00f3n de los monopatines el\u00e9ctricos"},"content":{"rendered":"<p>El pasado lunes se promulgo la ordenanza municipal que regula el uso de los veh\u00edculos de Movilidad Personal, la misma prev\u00e9 la creaci\u00f3n de un registro municipal, sin embrago a\u00fan no se han definido los requisitos para la inscripci\u00f3n.<\/p>\n<p>La ordenanza que regula y ajusta a la Ciudad de Puerto Iguaz\u00fa el uso de los veh\u00edculos de movilidad personal fue sancionado en la primera sesi\u00f3n ordinaria del a\u00f1o del honorable Concejo Deliberante. La misma est\u00e1 basada en la adhesi\u00f3n a la disposici\u00f3n 480\/2020 de la Agencia de Seguridad Vial y las Leyes de tr\u00e1nsito 24.449 y 26.363 a trav\u00e9s de la ordenanza 41\/24. Ademas de reglamentar las medidas de seguridad, el documento crea el registro de veh\u00edculos, pero no sean definido hasta el momento la letra chica de la reglamentaci\u00f3n.<\/p>\n<p>La ordenanza aprobada por mayor\u00eda primero autoriza el uso de los veh\u00edculos de Movilidad Personal, el texto excluye de a las bicicletas comunes y asistidas, y reglamenta que los usuarios deben utilizar las medidas de seguridad como casco, chaleco refractario. Proh\u00edbe el uso de auriculares y tel\u00e9fono celulares al momento uso de los mismo. Remarca que los usuarios deber\u00e1n circular por la derecha pudiendo cambiar de carril para ejecutar acciones de sobrepaso o giro. Queda prohibida la circulaci\u00f3n de estos veh\u00edculos por aceras o veredas. Y estar\u00e1 sujeto a multas al conducir los veh\u00edculos bajo los efectos de alcohol o estupefacientes.<\/p>\n<p>El uso de los veh\u00edculos est\u00e1 autorizado para mayores de 16 a\u00f1os, deber\u00e1n contar con seguro para terceros y exhibir una oblea que ser\u00e1 entregada por el municipio tras la inscripci\u00f3n del mismo en el Registro de veh\u00edculos de Movilidad Personal.<\/p>\n<p>Con respecto al ultimo punto, desde el municipio indicaron que a\u00fan no se reglamentado los requisitos y la forma en la cual se proceder\u00e1 a la inscripci\u00f3n, si ser\u00e1 inscripto el veh\u00edculo o el conductor, como se identificaran a los veh\u00edculos y cual ser\u00eda el m\u00e9todo de control por parte de la Direcci\u00f3n de tr\u00e1nsito. Al respecto Alejandro Veron concejal explic\u00f3 \u201cen reuni\u00f3n de comisi\u00f3n yo plantee las mismas cuestiones, como se har\u00e1 el registro a lo que me respondieron que los solucionar\u00edan. Lo veo dif\u00edcil que la ordenanza se aplique en la comunidad ya que tiene muchos grises que, insisto, dijeron que lo solucionar\u00edan\u201d<\/p>\n<p>Con respecto al seguro, muchas aseguradoras han desarrollado el producto ya que en otras provincias ya lo hab\u00edan solicitado. El veh\u00edculo se puede asegurar por un monto m\u00ednimo de 100 mil pesos hasta 750 mil. Del valor del seguro depende la cuota que podr\u00eda varias de 1.77,65 has 11 mil pesos por mes.<\/p>\n<p>La cobertura de robo total aplica en todo el mundo, en tanto la cobertura de Responsabilidad Civil aplica dentro del territorio de la Rep\u00fablica Argentina. Incluye servicio de asistencia v\u00e1lida dentro de un radio de 50 kil\u00f3metros a partir de la ubicaci\u00f3n del asegurado. Con beneficios asistencia las 24 horas, asistencia por robo y cobertura de gastos m\u00e9dicos en caso de sufrir da\u00f1os como consecuencia del robo del monopat\u00edn.<\/p>\n<p>La ordenanza aprobada por unanimidad prev\u00e9 un plazo de 60 d\u00edas para su aplicaci\u00f3n, los usuarios deber\u00e1n exhibir la documentaci\u00f3n que prev\u00e9 la ordenanza en los controles vehiculares y las multas estar\u00e1n sujetas al Juzgado de Faltas de la ciudad.<\/p>\n","protected":false},"excerpt":{"rendered":"<p>El pasado lunes se promulgo la ordenanza municipal que regula el uso de los veh\u00edculos<\/p>\n","protected":false},"author":1,"featured_media":49870,"comment_status":"open","ping_status":"open","sticky":false,"template":"","format":"standard","meta":{"footnotes":""},"categories":[1,226],"tags":[],"class_list":["post-49868","post","type-post","status-publish","format-standard","has-post-thumbnail","hentry","category-actualidad","category-locales"],"_links":{"self":[{"href":"https:\/\/actualizateiguazu.com\/v3\/wp-json\/wp\/v2\/posts\/49868","targetHints":{"allow":["GET"]}}],"collection":[{"href":"https:\/\/actualizateiguazu.com\/v3\/wp-json\/wp\/v2\/posts"}],"about":[{"href":"https:\/\/actualizateiguazu.com\/v3\/wp-json\/wp\/v2\/types\/post"}],"author":[{"embeddable":true,"href":"https:\/\/actualizateiguazu.com\/v3\/wp-json\/wp\/v2\/users\/1"}],"replies":[{"embeddable":true,"href":"https:\/\/actualizateiguazu.com\/v3\/wp-json\/wp\/v2\/comments?post=49868"}],"version-history":[{"count":1,"href":"https:\/\/actualizateiguazu.com\/v3\/wp-json\/wp\/v2\/posts\/49868\/revisions"}],"predecessor-version":[{"id":49871,"href":"https:\/\/actualizateiguazu.com\/v3\/wp-json\/wp\/v2\/posts\/49868\/revisions\/49871"}],"wp:featuredmedia":[{"embeddable":true,"href":"https:\/\/actualizateiguazu.com\/v3\/wp-json\/wp\/v2\/media\/49870"}],"wp:attachment":[{"href":"https:\/\/actualizateiguazu.com\/v3\/wp-json\/wp\/v2\/media?parent=49868"}],"wp:term":[{"taxonomy":"category","embeddable":true,"href":"https:\/\/actualizateiguazu.com\/v3\/wp-json\/wp\/v2\/categories?post=49868"},{"taxonomy":"post_tag","embeddable":true,"href":"https:\/\/actualizateiguazu.com\/v3\/wp-json\/wp\/v2\/tags?post=49868"}],"curies":[{"name":"wp","href":"https:\/\/api.w.org\/{rel}","templated":true}]}}