{"id":49897,"date":"2025-02-17T10:39:47","date_gmt":"2025-02-17T13:39:47","guid":{"rendered":"https:\/\/actualizateiguazu.com\/v3\/?p=49897"},"modified":"2025-02-17T10:39:47","modified_gmt":"2025-02-17T13:39:47","slug":"iguazu-se-transformo-en-una-ciudad-de-paso-la-ocupacion-se-redujo-en-10-puntos-respecto-a-enero","status":"publish","type":"post","link":"https:\/\/actualizateiguazu.com\/v3\/2025\/02\/17\/iguazu-se-transformo-en-una-ciudad-de-paso-la-ocupacion-se-redujo-en-10-puntos-respecto-a-enero\/","title":{"rendered":"Iguaz\u00fa se transform\u00f3 en una ciudad de paso, la ocupaci\u00f3n se redujo en 10 puntos respecto a enero"},"content":{"rendered":"<p>Los ingresos a cataratas tambi\u00e9n se redujeron respecto a enero, empresarios indican que es imposible competir con Brasil, pese a que no han aumentado las tarifas estas vacaciones. La primera quincena de febrero registro bajas en la ocupaci\u00f3n hotelera.<\/p>\n<p>El destino Iguaz\u00fa contin\u00faa recibiendo visitantes, aunque no con la afluencia esperada, esto se debe a que muchos visitantes optan por alojarse del lado brasile\u00f1o debido a los costos. Muchos visitantes han arribado al destino, pero para hacer noche y seguir viaje al otro d\u00eda, al regreso se han alojado una noche mas y al d\u00eda siguiente conocer cataratas. Cade vez son mas los alojamientos que registran esta modalidad \u201cde paso\u201d. El n\u00famero de visitantes a cataratas se mantuvo en un promedio 5.212 de turistas por d\u00eda, aunque tambi\u00e9n registro una reducci\u00f3n ya que en enero ingresaron 5.569 personas por d\u00eda.<\/p>\n<p><img loading=\"lazy\" decoding=\"async\" class=\"alignnone size-full wp-image-49899\" src=\"https:\/\/actualizateiguazu.com\/v3\/wp-content\/uploads\/2025\/02\/20180330_165722-scaled.jpg\" alt=\"\" width=\"2560\" height=\"1440\" srcset=\"https:\/\/actualizateiguazu.com\/v3\/wp-content\/uploads\/2025\/02\/20180330_165722-scaled.jpg 2560w, https:\/\/actualizateiguazu.com\/v3\/wp-content\/uploads\/2025\/02\/20180330_165722-300x169.jpg 300w, https:\/\/actualizateiguazu.com\/v3\/wp-content\/uploads\/2025\/02\/20180330_165722-1024x576.jpg 1024w, https:\/\/actualizateiguazu.com\/v3\/wp-content\/uploads\/2025\/02\/20180330_165722-768x432.jpg 768w, https:\/\/actualizateiguazu.com\/v3\/wp-content\/uploads\/2025\/02\/20180330_165722-1536x864.jpg 1536w, https:\/\/actualizateiguazu.com\/v3\/wp-content\/uploads\/2025\/02\/20180330_165722-2048x1152.jpg 2048w, https:\/\/actualizateiguazu.com\/v3\/wp-content\/uploads\/2025\/02\/20180330_165722-800x450.jpg 800w\" sizes=\"auto, (max-width: 2560px) 100vw, 2560px\" \/><\/p>\n<p>Seg\u00fan los datos estad\u00edsticos del Parque Nacional Iguaz\u00fa desde el 1 de febrero hasta el 16 inclusive ingresaron al \u00e1rea protegida visitantes 83.402 un 19.22 % m\u00e1s que en el mismo periodo del a\u00f1o pasado y respecto a los ingresos en el 2023, el incremento fue de 9.5 %. Este incremento en los visitantes no se ve reflejado en la ocupaci\u00f3n hotelera ya que la ocupaci\u00f3n se redujo hasta 10 puntos respecto a enero de este a\u00f1o.<\/p>\n<p>En lo que respecta a las caba\u00f1as Omar Masulo referente del sector explico que la primera quincena de febrero registro un 10 por ciento menos de ocupaci\u00f3n respecto a enero, donde registraron un 65 por ciento.<\/p>\n<p>En el caso de los alojamientos tres estrellas y alternativos el comportamiento del turista fue similar a una ciudad de paso \u201cEl turista se alojo una noche y despu\u00e9s de fue a Brasil, el movimiento fue muy flojo, esta complicado competir los alojamientos de Foz que tienen tarifas muy bajas en comparaci\u00f3n a las nuestras\u201d explico Silvia Mart\u00ednez de SM Reservas.<\/p>\n<p>Respecto a los Hoteles de mayor categor\u00eda el movimiento fue muy dispar algunos no superaron la marca del 30 por ciento de ocupaci\u00f3n y otros registraron hasta un 60 por ciento.<\/p>\n<p>El hecho que los turistas se alojen del lado brasile\u00f1o se traduce en largas filas en el centro de frontera y demoras de hasta 3 horas para realizar el tr\u00e1mite migratorio. Los empresarios de la hoteler\u00eda temen que la aplicaci\u00f3n de la tasa de turismo extranjero provoque una mayor migraci\u00f3n de visitantes a Foz do Iguazu.<\/p>\n<p>&nbsp;<\/p>\n<p>&nbsp;<\/p>\n<p>&nbsp;<\/p>\n","protected":false},"excerpt":{"rendered":"<p>Los ingresos a cataratas tambi\u00e9n se redujeron respecto a enero, empresarios indican que es imposible<\/p>\n","protected":false},"author":1,"featured_media":49898,"comment_status":"open","ping_status":"open","sticky":false,"template":"","format":"standard","meta":{"footnotes":""},"categories":[1,226,234],"tags":[],"class_list":["post-49897","post","type-post","status-publish","format-standard","has-post-thumbnail","hentry","category-actualidad","category-locales","category-turismo"],"_links":{"self":[{"href":"https:\/\/actualizateiguazu.com\/v3\/wp-json\/wp\/v2\/posts\/49897","targetHints":{"allow":["GET"]}}],"collection":[{"href":"https:\/\/actualizateiguazu.com\/v3\/wp-json\/wp\/v2\/posts"}],"about":[{"href":"https:\/\/actualizateiguazu.com\/v3\/wp-json\/wp\/v2\/types\/post"}],"author":[{"embeddable":true,"href":"https:\/\/actualizateiguazu.com\/v3\/wp-json\/wp\/v2\/users\/1"}],"replies":[{"embeddable":true,"href":"https:\/\/actualizateiguazu.com\/v3\/wp-json\/wp\/v2\/comments?post=49897"}],"version-history":[{"count":1,"href":"https:\/\/actualizateiguazu.com\/v3\/wp-json\/wp\/v2\/posts\/49897\/revisions"}],"predecessor-version":[{"id":49900,"href":"https:\/\/actualizateiguazu.com\/v3\/wp-json\/wp\/v2\/posts\/49897\/revisions\/49900"}],"wp:featuredmedia":[{"embeddable":true,"href":"https:\/\/actualizateiguazu.com\/v3\/wp-json\/wp\/v2\/media\/49898"}],"wp:attachment":[{"href":"https:\/\/actualizateiguazu.com\/v3\/wp-json\/wp\/v2\/media?parent=49897"}],"wp:term":[{"taxonomy":"category","embeddable":true,"href":"https:\/\/actualizateiguazu.com\/v3\/wp-json\/wp\/v2\/categories?post=49897"},{"taxonomy":"post_tag","embeddable":true,"href":"https:\/\/actualizateiguazu.com\/v3\/wp-json\/wp\/v2\/tags?post=49897"}],"curies":[{"name":"wp","href":"https:\/\/api.w.org\/{rel}","templated":true}]}}