{"id":49911,"date":"2025-02-18T10:25:27","date_gmt":"2025-02-18T13:25:27","guid":{"rendered":"https:\/\/actualizateiguazu.com\/v3\/?p=49911"},"modified":"2025-02-18T10:26:02","modified_gmt":"2025-02-18T13:26:02","slug":"buscan-generar-conciencia-en-el-dia-internacional-del-sindrome-de-asperger","status":"publish","type":"post","link":"https:\/\/actualizateiguazu.com\/v3\/2025\/02\/18\/buscan-generar-conciencia-en-el-dia-internacional-del-sindrome-de-asperger\/","title":{"rendered":"buscan generar conciencia en el d\u00eda Internacional del S\u00edndrome de Asperger"},"content":{"rendered":"<p>Hoy 18 de febrero se conmemora el D\u00eda Internacional del S\u00edndrome de Asperger, una fecha destinada a aumentar la conciencia sobre esta condici\u00f3n del espectro autista y promover la comprensi\u00f3n y aceptaci\u00f3n de las personas que lo viven.<\/p>\n<p>El S\u00edndrome de Asperger, forma parte de los Trastornos del Espectro Autista (TEA) y se caracteriza por dificultades en la interacci\u00f3n social, comportamientos repetitivos y un enfoque restringido en intereses espec\u00edficos.<br \/>\nLas personas que sufren el S\u00edndrome de Asperger tienen un aspecto e inteligencia normal e incluso por encima de la media y con habilidades en muchos campos, por lo que su diagn\u00f3stico puede pasar mucho m\u00e1s desapercibido. Aunque las causas exactas del S\u00edndrome de Asperger no se conocen completamente, se cree que son multifactoriales.<br \/>\nS\u00edntomas del S\u00edndrome de Asperger:<\/p>\n<p>Los s\u00edntomas del S\u00edndrome de Asperger pueden variar significativamente entre los individuos, pero generalmente incluyen:<\/p>\n<p>&#8211; Dificultades en la comunicaci\u00f3n no verbal, como el uso del contacto visual y las expresiones faciales.<br \/>\n&#8211; Problemas en la interacci\u00f3n social, que pueden manifestarse como dificultades para comprender las normas sociales o la incapacidad para iniciar o mantener conversaciones.<br \/>\n&#8211; Intereses intensos o especializados en temas espec\u00edficos, a menudo con un alto nivel de conocimiento en esos campos.<br \/>\n&#8211; Comportamientos repetitivos o rutinas r\u00edgidas que pueden ser poco flexibles ante cambios. Las personas que padecen el S\u00edndrome de Asperger se encuentran demasiado obsesionadas con un tema, elemento u objeto ignorando todo lo dem\u00e1s que ocurre a su alrededor.<br \/>\nAl contrario que ocurre con las personas que sufren un trastorno autista las personas con S\u00edndrome de Asperger son capaces de acercarse a otras personas aunque no consiguen poderse relacionar por sus problemas de habla y del lenguaje, gener\u00e1ndoles un aislamiento de la sociedad.<\/p>\n<p>Posici\u00f3n de la OPS sobre el Asperger<\/p>\n<p>La Organizaci\u00f3n Panamericana de la Salud (OPS) ha subrayado la importancia de la detecci\u00f3n temprana y el apoyo a las personas con TEA, incluido el S\u00edndrome de Asperger. Reconocen que las intervenciones adecuadas pueden ayudar a mejorar la calidad de vida de estos individuos, promoviendo su integraci\u00f3n y participaci\u00f3n plena en la sociedad. La OPS enfatiza la necesidad de eliminar el estigma asociado y de fomentar entornos inclusivos, donde se celebre la diversidad y se respeten los derechos de todas las personas, independientemente de sus capacidades.<\/p>\n","protected":false},"excerpt":{"rendered":"<p>Hoy 18 de febrero se conmemora el D\u00eda Internacional del S\u00edndrome de Asperger, una fecha<\/p>\n","protected":false},"author":1,"featured_media":49912,"comment_status":"open","ping_status":"open","sticky":false,"template":"","format":"standard","meta":{"footnotes":""},"categories":[1,226],"tags":[],"class_list":["post-49911","post","type-post","status-publish","format-standard","has-post-thumbnail","hentry","category-actualidad","category-locales"],"_links":{"self":[{"href":"https:\/\/actualizateiguazu.com\/v3\/wp-json\/wp\/v2\/posts\/49911","targetHints":{"allow":["GET"]}}],"collection":[{"href":"https:\/\/actualizateiguazu.com\/v3\/wp-json\/wp\/v2\/posts"}],"about":[{"href":"https:\/\/actualizateiguazu.com\/v3\/wp-json\/wp\/v2\/types\/post"}],"author":[{"embeddable":true,"href":"https:\/\/actualizateiguazu.com\/v3\/wp-json\/wp\/v2\/users\/1"}],"replies":[{"embeddable":true,"href":"https:\/\/actualizateiguazu.com\/v3\/wp-json\/wp\/v2\/comments?post=49911"}],"version-history":[{"count":1,"href":"https:\/\/actualizateiguazu.com\/v3\/wp-json\/wp\/v2\/posts\/49911\/revisions"}],"predecessor-version":[{"id":49913,"href":"https:\/\/actualizateiguazu.com\/v3\/wp-json\/wp\/v2\/posts\/49911\/revisions\/49913"}],"wp:featuredmedia":[{"embeddable":true,"href":"https:\/\/actualizateiguazu.com\/v3\/wp-json\/wp\/v2\/media\/49912"}],"wp:attachment":[{"href":"https:\/\/actualizateiguazu.com\/v3\/wp-json\/wp\/v2\/media?parent=49911"}],"wp:term":[{"taxonomy":"category","embeddable":true,"href":"https:\/\/actualizateiguazu.com\/v3\/wp-json\/wp\/v2\/categories?post=49911"},{"taxonomy":"post_tag","embeddable":true,"href":"https:\/\/actualizateiguazu.com\/v3\/wp-json\/wp\/v2\/tags?post=49911"}],"curies":[{"name":"wp","href":"https:\/\/api.w.org\/{rel}","templated":true}]}}