{"id":49919,"date":"2025-02-18T19:49:45","date_gmt":"2025-02-18T22:49:45","guid":{"rendered":"https:\/\/actualizateiguazu.com\/v3\/?p=49919"},"modified":"2025-02-18T19:49:45","modified_gmt":"2025-02-18T22:49:45","slug":"iguazu-dos-detenidos-con-casi-30-kilos-de-cobre-extraidos-de-cables","status":"publish","type":"post","link":"https:\/\/actualizateiguazu.com\/v3\/2025\/02\/18\/iguazu-dos-detenidos-con-casi-30-kilos-de-cobre-extraidos-de-cables\/","title":{"rendered":"Iguaz\u00f9: Dos detenidos con casi 30 kilos de cobre extra\u00eddos de cables"},"content":{"rendered":"<p>En un procedimiento realizado por polic\u00edas de la Unidad Regional V de Iguaz\u00fa, dos j\u00f3venes de 18 a\u00f1os fueron detenidos esta tarde en la zona de las 600 hect\u00e1reas, a la altura de la calle Batalla del Mboror\u00e9. Est\u00e1n bajo sospecha de estar involucrados en el robo de cables de energ\u00eda el\u00e9ctrica. La Polic\u00eda investiga si lo incautado es producto de los da\u00f1os causados en la l\u00ednea 33 KV, registrados el pasado 11 de febrero, en cuya causa ya han sido demoradas 10 personas.<\/p>\n<p>Durante una recorrida de prevenci\u00f3n, los efectivos visualizaron a los implicados portando bultos sobre sus cabezas. Al detener su marcha y proceder a la inspecci\u00f3n, se constat\u00f3 que los bultos conten\u00edan una gran cantidad de cobre, extra\u00eddo mediante la quema de cables el\u00e9ctricos.<\/p>\n<p>Inmediatamente, se realiz\u00f3 el secuestro del material bajo acta correspondiente y ambos j\u00f3venes fueron trasladados a la Comisar\u00eda Tercera. El pesaje del material secuestrado arroj\u00f3 casi 30 kilogramos de cobre, que guardar\u00eda relaci\u00f3n con el robo ocurrido el pasado 11 de febrero en las instalaciones de E.M.S.A., que afect\u00f3 a casi 25 mil usuarios de la ciudad de las Cataratas.<\/p>\n<p>Finalmente, los detenidos y el material secuestrado fueron llevados a la sede policial, quedando todo a disposici\u00f3n de la Justicia.<\/p>\n","protected":false},"excerpt":{"rendered":"<p>En un procedimiento realizado por polic\u00edas de la Unidad Regional V de Iguaz\u00fa, dos j\u00f3venes<\/p>\n","protected":false},"author":1,"featured_media":49920,"comment_status":"open","ping_status":"open","sticky":false,"template":"","format":"standard","meta":{"footnotes":""},"categories":[1,226,228],"tags":[],"class_list":["post-49919","post","type-post","status-publish","format-standard","has-post-thumbnail","hentry","category-actualidad","category-locales","category-policiales"],"_links":{"self":[{"href":"https:\/\/actualizateiguazu.com\/v3\/wp-json\/wp\/v2\/posts\/49919","targetHints":{"allow":["GET"]}}],"collection":[{"href":"https:\/\/actualizateiguazu.com\/v3\/wp-json\/wp\/v2\/posts"}],"about":[{"href":"https:\/\/actualizateiguazu.com\/v3\/wp-json\/wp\/v2\/types\/post"}],"author":[{"embeddable":true,"href":"https:\/\/actualizateiguazu.com\/v3\/wp-json\/wp\/v2\/users\/1"}],"replies":[{"embeddable":true,"href":"https:\/\/actualizateiguazu.com\/v3\/wp-json\/wp\/v2\/comments?post=49919"}],"version-history":[{"count":1,"href":"https:\/\/actualizateiguazu.com\/v3\/wp-json\/wp\/v2\/posts\/49919\/revisions"}],"predecessor-version":[{"id":49921,"href":"https:\/\/actualizateiguazu.com\/v3\/wp-json\/wp\/v2\/posts\/49919\/revisions\/49921"}],"wp:featuredmedia":[{"embeddable":true,"href":"https:\/\/actualizateiguazu.com\/v3\/wp-json\/wp\/v2\/media\/49920"}],"wp:attachment":[{"href":"https:\/\/actualizateiguazu.com\/v3\/wp-json\/wp\/v2\/media?parent=49919"}],"wp:term":[{"taxonomy":"category","embeddable":true,"href":"https:\/\/actualizateiguazu.com\/v3\/wp-json\/wp\/v2\/categories?post=49919"},{"taxonomy":"post_tag","embeddable":true,"href":"https:\/\/actualizateiguazu.com\/v3\/wp-json\/wp\/v2\/tags?post=49919"}],"curies":[{"name":"wp","href":"https:\/\/api.w.org\/{rel}","templated":true}]}}