{"id":49933,"date":"2025-02-20T16:14:27","date_gmt":"2025-02-20T19:14:27","guid":{"rendered":"https:\/\/actualizateiguazu.com\/v3\/?p=49933"},"modified":"2025-02-20T16:14:27","modified_gmt":"2025-02-20T19:14:27","slug":"inscriben-hasta-el-8-de-marzo-para-cursar-comunicacion-social-de-la-unam-en-cerro-azul","status":"publish","type":"post","link":"https:\/\/actualizateiguazu.com\/v3\/2025\/02\/20\/inscriben-hasta-el-8-de-marzo-para-cursar-comunicacion-social-de-la-unam-en-cerro-azul\/","title":{"rendered":"Inscriben hasta el 8 de marzo para cursar comunicaci\u00f3n social de la UNAM en Cerro Azul"},"content":{"rendered":"<p>Hasta el 8 de marzo, la Facultad de Humanidades y Ciencias Sociales de la Universidad Nacional de Misiones inscribe para cursar la carrera de T\u00e9cnico en Comunicaci\u00f3n Social en la localidad de Cerro Azul, <strong>sin ning\u00fan tipo de costo para los estudiantes<\/strong>. Las clases comenzar\u00e1n a dictarse el 21 de marzo y no tiene costo para los alumnos.<\/p>\n<p><strong>El tr\u00e1mite <\/strong>es sencillo. En una primera etapa, de manera<strong> on-line y podr\u00e1n matricularse egresados del Polimodal y\/o secundaria, como mayores de 25 a\u00f1os sin t\u00edtulo secundario completo (Ley 24.521 art.7). <\/strong>Para ello deben ingresar al link: <a href=\"https:\/\/preinscripcion.sistemas.unam.edu.ar\/alumno\/\">https:\/\/preinscripcion.sistemas.unam.edu.ar\/alumno\/<\/a> y consignar los datos que se requieren en el formulario.<\/p>\n<p>Luego, en una segunda etapa,\u00a0 deber\u00e1n presentar <strong>el s\u00e1bado 8 de marzo, de 9 a 14 horas, en las instalaciones del nuevo polideportivo municipal ubicado en\u00a0 la intersecci\u00f3n de las calles Andr\u00e9s Zukowski y Plumerillo (<\/strong><a href=\"https:\/\/maps.app.goo.gl\/LvAvFhwfW77EvYnN9\"><strong>https:\/\/maps.app.goo.gl\/LvAvFhwfW77EvYnN9<\/strong><\/a><strong>), <\/strong>la documentaci\u00f3n correspondiente que consiste en : <strong>Formulario impreso de inscripci\u00f3n on-line; T\u00edtulo Secundario (copia del original autenticada por: el Colegio que se gradu\u00f3, o por Juzgado de Paz o por Escribano); constancia de finalizaci\u00f3n del Polimodal y\/o secundaria sin adeudar materias; fotocopia Partida de Nacimiento y DNI 1\u00aa y 2\u00aa hoja o anverso y reverso del nuevo DNI; dos fotos 3\u00d73 y N\u00famero de Cuil.<\/strong><\/p>\n<p>Las clases se dictar\u00e1n en la modalidad de aula h\u00edbrida que combina instancias presenciales y virtuales, los viernes por la tarde (virtual) y s\u00e1bado por la ma\u00f1ana (presencial).<\/p>\n<p>La iniciativa de contar con una carrera universitaria en la localidad la promovi\u00f3 el intendente Gaspar Dudek, qui\u00e9n instrument\u00f3 las gestiones necesarias para que la carrera, de tres a\u00f1os de duraci\u00f3n, se imparta en la comuna haci\u00e9ndose cargo junto con la unidad acad\u00e9mica de los costos que esto implica<strong>.<\/strong><\/p>\n<p>&nbsp;<\/p>\n<p>Los interesados en contar con <strong>m\u00e1s informaci\u00f3n<\/strong> <strong>pueden comunicarse al N\u00b0 de tel\u00e9fono: 3764-718751 o al mail cerroazultramites@gmail.com<\/strong><\/p>\n<p>&nbsp;<\/p>\n<p>&nbsp;<\/p>\n<p>&nbsp;<\/p>\n<p>&nbsp;<\/p>\n","protected":false},"excerpt":{"rendered":"<p>Hasta el 8 de marzo, la Facultad de Humanidades y Ciencias Sociales de la Universidad<\/p>\n","protected":false},"author":1,"featured_media":49934,"comment_status":"open","ping_status":"open","sticky":false,"template":"","format":"standard","meta":{"footnotes":""},"categories":[1,229],"tags":[],"class_list":["post-49933","post","type-post","status-publish","format-standard","has-post-thumbnail","hentry","category-actualidad","category-provinciales"],"_links":{"self":[{"href":"https:\/\/actualizateiguazu.com\/v3\/wp-json\/wp\/v2\/posts\/49933","targetHints":{"allow":["GET"]}}],"collection":[{"href":"https:\/\/actualizateiguazu.com\/v3\/wp-json\/wp\/v2\/posts"}],"about":[{"href":"https:\/\/actualizateiguazu.com\/v3\/wp-json\/wp\/v2\/types\/post"}],"author":[{"embeddable":true,"href":"https:\/\/actualizateiguazu.com\/v3\/wp-json\/wp\/v2\/users\/1"}],"replies":[{"embeddable":true,"href":"https:\/\/actualizateiguazu.com\/v3\/wp-json\/wp\/v2\/comments?post=49933"}],"version-history":[{"count":1,"href":"https:\/\/actualizateiguazu.com\/v3\/wp-json\/wp\/v2\/posts\/49933\/revisions"}],"predecessor-version":[{"id":49935,"href":"https:\/\/actualizateiguazu.com\/v3\/wp-json\/wp\/v2\/posts\/49933\/revisions\/49935"}],"wp:featuredmedia":[{"embeddable":true,"href":"https:\/\/actualizateiguazu.com\/v3\/wp-json\/wp\/v2\/media\/49934"}],"wp:attachment":[{"href":"https:\/\/actualizateiguazu.com\/v3\/wp-json\/wp\/v2\/media?parent=49933"}],"wp:term":[{"taxonomy":"category","embeddable":true,"href":"https:\/\/actualizateiguazu.com\/v3\/wp-json\/wp\/v2\/categories?post=49933"},{"taxonomy":"post_tag","embeddable":true,"href":"https:\/\/actualizateiguazu.com\/v3\/wp-json\/wp\/v2\/tags?post=49933"}],"curies":[{"name":"wp","href":"https:\/\/api.w.org\/{rel}","templated":true}]}}