{"id":49944,"date":"2025-02-20T19:40:15","date_gmt":"2025-02-20T22:40:15","guid":{"rendered":"https:\/\/actualizateiguazu.com\/v3\/?p=49944"},"modified":"2025-02-20T19:40:15","modified_gmt":"2025-02-20T22:40:15","slug":"cielo-estrellado-sobre-las-cataratas-del-iguazu-gano-premio-internacional-de-fotografia","status":"publish","type":"post","link":"https:\/\/actualizateiguazu.com\/v3\/2025\/02\/20\/cielo-estrellado-sobre-las-cataratas-del-iguazu-gano-premio-internacional-de-fotografia\/","title":{"rendered":"Cielo estrellado sobre las Cataratas del Iguaz\u00fa gan\u00f3 premio internacional de fotografia"},"content":{"rendered":"<p>Titulada \u201cEma \u2013 Una leyenda guaran\u00ed\u201d, la fotograf\u00eda compiti\u00f3 con diez mil im\u00e1genes y refuerza la importancia de la conservaci\u00f3n.<\/p>\n<p>El Parque Nacional del Iguaz\u00fa, hogar de las majestuosas Cataratas del Iguaz\u00fa, una de las Siete Maravillas de la Naturaleza, ahora tambi\u00e9n tiene al cielo nocturno como punto destacado entre sus bellezas. La astrofotograf\u00eda \u201cEma \u2013 Uma Lenda Guarani\u201d gan\u00f3 la categor\u00eda Astro Night Sky, en la d\u00e9cima edici\u00f3n del Bras\u00edlia Photo Show, el festival de fotograf\u00eda m\u00e1s grande de Am\u00e9rica Latina. Comprenda los significados detr\u00e1s de la imagen, que compiti\u00f3 con diez mil otras fotograf\u00edas.<\/p>\n<p>La obra ganadora, registrada por Rodrigo Guerra, une dos patrimonios de la UNESCO: el Parque Nacional del Iguaz\u00fa, como Patrimonio Natural de la Humanidad, y el cielo nocturno, como Patrimonio Natural, Cultural e Hist\u00f3rico. Este impresionante r\u00e9cord s\u00f3lo fue posible gracias al trabajo de conservaci\u00f3n de la biodiversidad realizado en la unidad.<\/p>\n<p>\u201cEma \u2013 Una leyenda guaran\u00ed\u201d \u2013 La imagen fue producida en junio de 2024, per\u00edodo en el que, seg\u00fan el movimiento del cielo, la conexi\u00f3n de las constelaciones occidentales de Escorpio y la Cruz del Sur forma, en la visi\u00f3n ind\u00edgena, el ave nativa de Am\u00e9rica del Sur. El ave aparece detr\u00e1s de las Cataratas del Iguaz\u00fa y, a medida que pasa el tiempo, su cabeza desciende sobre el r\u00edo Iguaz\u00fa. Seg\u00fan los guaran\u00edes, el p\u00e1jaro \u201cbebe toda el agua del mundo\u201d.<\/p>\n<p>Para los pueblos originarios, las Cataratas eran un lugar sagrado, y el \u00f1and\u00fa era una figura m\u00edtica voraz, que al aparecer pod\u00eda drenar toda el agua de la regi\u00f3n, trayendo consigo la fase m\u00e1s seca y fr\u00eda del a\u00f1o, con menos alimentos, que en los tiempos actuales son las estaciones de oto\u00f1o e invierno.<\/p>\n<p>\u201cLa propuesta, de la fotograf\u00eda, fue recrear un ambiente que tiene todo que ver con la cultura tup\u00ed-guaran\u00ed, que son las cascadas, su cosmovisi\u00f3n y su particular forma de entender la naturaleza y sus fen\u00f3menos: correlacionar las formas del cielo y las figuras m\u00edticas con las \u00e9pocas\u201d, explica Rodrigo Guerra, autor de la fotograf\u00eda premiada.<\/p>\n<p>Janer Vila\u00e7a, astr\u00f3nomo y director t\u00e9cnico de Cosmos Iguassu, relata la historia ancestral detr\u00e1s de la foto y su importancia en la actualidad. \u201cEl cielo guaran\u00ed no explica la vida s\u00f3lo desde un punto de vista mitol\u00f3gico, sino desde un punto de vista pragm\u00e1tico, de la realidad y de la administraci\u00f3n de la sociedad. Explica la vida, la relaci\u00f3n entre el cielo y las Cataratas, la tierra y la naturaleza. Todo esto tambi\u00e9n dice mucho de Foz do Igua\u00e7u\u201d.<\/p>\n<p>T\u00e9cnica fotogr\u00e1fica \u2013 La astrofotograf\u00eda de Ema es una combinaci\u00f3n de dos fotos: la primera fue tomada de las cataratas, con t\u00e9cnicas de iluminaci\u00f3n para detallar el agua, las rocas y la vegetaci\u00f3n. El segundo es el del cielo nocturno, con equipos mejorados para capturar la velocidad y rastrear el movimiento de las estrellas. \u201cMe tom\u00f3 alrededor de dos horas fotografiar y luego otras tres para editar esta imagen, trabajando colores y contrastes\u201d, revela Guerra.<\/p>\n<p>\u201cEs necesario un medio ambiente preservado\u201d \u2013 Una foto como \u00e9sta s\u00f3lo podr\u00eda ser tomada en el exuberante Parque Nacional Iguaz\u00fa. Esta vista s\u00f3lo es posible porque se preserva la Mata Atl\u00e1ntica y, en consecuencia, no hay contaminaci\u00f3n lum\u00ednica durante la noche, es decir, exceso de luz artificial. \u201cPara que la experiencia de observaci\u00f3n del cielo sea completa, es necesario un ambiente preservado, puro y limpio para poder ver estrellas y planetas en un cielo hermoso\u201d, refuerza el director del proyecto Cosmos Iguassu, Marcel Bonfada.<\/p>\n<p>Marcelo Skaf, director t\u00e9cnico de Urbia Cataratas, concesionaria responsable de las visitas al PARNA Iguaz\u00fa, destaca la importancia de la conexi\u00f3n de las personas con la naturaleza. \u00abEl Parque Nacional del Iguaz\u00fa es un santuario no s\u00f3lo de agua y biodiversidad, sino tambi\u00e9n del cielo. Contemplar un cielo estrellado, libre de contaminaci\u00f3n lum\u00ednica, es un privilegio poco com\u00fan en el mundo, y aqu\u00ed, esta experiencia es posible. La fotograf\u00eda premiada refleja esto e ilustra nuestro compromiso con la conservaci\u00f3n del parque, asegurando que los visitantes de todo el mundo puedan experimentar y conectarse con este espect\u00e1culo nocturno\u00bb.<\/p>\n<p><img loading=\"lazy\" decoding=\"async\" class=\"alignnone size-full wp-image-49946\" src=\"https:\/\/actualizateiguazu.com\/v3\/wp-content\/uploads\/2025\/02\/Imagem-2-Credito-Rodrigo-Guerra.jpeg\" alt=\"\" width=\"1500\" height=\"1500\" srcset=\"https:\/\/actualizateiguazu.com\/v3\/wp-content\/uploads\/2025\/02\/Imagem-2-Credito-Rodrigo-Guerra.jpeg 1500w, https:\/\/actualizateiguazu.com\/v3\/wp-content\/uploads\/2025\/02\/Imagem-2-Credito-Rodrigo-Guerra-300x300.jpeg 300w, https:\/\/actualizateiguazu.com\/v3\/wp-content\/uploads\/2025\/02\/Imagem-2-Credito-Rodrigo-Guerra-1024x1024.jpeg 1024w, https:\/\/actualizateiguazu.com\/v3\/wp-content\/uploads\/2025\/02\/Imagem-2-Credito-Rodrigo-Guerra-150x150.jpeg 150w, https:\/\/actualizateiguazu.com\/v3\/wp-content\/uploads\/2025\/02\/Imagem-2-Credito-Rodrigo-Guerra-768x768.jpeg 768w\" sizes=\"auto, (max-width: 1500px) 100vw, 1500px\" \/><\/p>\n<p>Arco\u00edris plateado: La foto fue tomada desde la misma pasarela utilizada por los visitantes. Adem\u00e1s de la riqueza de detalles celestiales, en la misma fotograf\u00eda es posible observar el arco iris plateado, un impresionante fen\u00f3meno causado por la luz de la luna al brillar sobre el chorro de agua de las Cataratas del Iguaz\u00fa al impactar contra las rocas. \u201cCapturarlo no estaba en mis planes, pero cuando llegu\u00e9 a la producci\u00f3n y lo vi all\u00ed, no pude dejarlo pasar\u201d, celebra la autora.<\/p>\n<p>Noche en las Cataratas \u2013 Para aquellos que quieran admirar el cielo nocturno del Parque Nacional del Iguaz\u00fa, el paseo Noche en las Cataratas, que se realiza todos los s\u00e1bados, permite descubrir la belleza de la Maravilla Mundial de la Naturaleza por la noche. Con plazas limitadas, se trata de una experiencia sensorial bajo el cielo estrellado o la luna llena, con una cena de pasta en el Restaurante Porto Canoas incluida en la entrada.<\/p>\n<p><img loading=\"lazy\" decoding=\"async\" class=\"alignnone size-full wp-image-49947\" src=\"https:\/\/actualizateiguazu.com\/v3\/wp-content\/uploads\/2025\/02\/Rodrigo-Guerra-Arquivo-pessoal.jpeg\" alt=\"\" width=\"1108\" height=\"1280\" srcset=\"https:\/\/actualizateiguazu.com\/v3\/wp-content\/uploads\/2025\/02\/Rodrigo-Guerra-Arquivo-pessoal.jpeg 1108w, https:\/\/actualizateiguazu.com\/v3\/wp-content\/uploads\/2025\/02\/Rodrigo-Guerra-Arquivo-pessoal-260x300.jpeg 260w, https:\/\/actualizateiguazu.com\/v3\/wp-content\/uploads\/2025\/02\/Rodrigo-Guerra-Arquivo-pessoal-886x1024.jpeg 886w, https:\/\/actualizateiguazu.com\/v3\/wp-content\/uploads\/2025\/02\/Rodrigo-Guerra-Arquivo-pessoal-768x887.jpeg 768w\" sizes=\"auto, (max-width: 1108px) 100vw, 1108px\" \/><\/p>\n<p>Acerca del Parque Nacional Iguaz\u00fa \u2013 Parna Iguaz\u00fa, administrado por el Instituto Chico Mendes de Conservaci\u00f3n de la Biodiversidad (ICMBio), es una unidad de conservaci\u00f3n federal y es gestionada por el Parque Nacional Iguaz\u00fa.<\/p>\n","protected":false},"excerpt":{"rendered":"<p>Titulada \u201cEma \u2013 Una leyenda guaran\u00ed\u201d, la fotograf\u00eda compiti\u00f3 con diez mil im\u00e1genes y refuerza<\/p>\n","protected":false},"author":1,"featured_media":49945,"comment_status":"open","ping_status":"open","sticky":false,"template":"","format":"standard","meta":{"footnotes":""},"categories":[1,230,234],"tags":[],"class_list":["post-49944","post","type-post","status-publish","format-standard","has-post-thumbnail","hentry","category-actualidad","category-regionales","category-turismo"],"_links":{"self":[{"href":"https:\/\/actualizateiguazu.com\/v3\/wp-json\/wp\/v2\/posts\/49944","targetHints":{"allow":["GET"]}}],"collection":[{"href":"https:\/\/actualizateiguazu.com\/v3\/wp-json\/wp\/v2\/posts"}],"about":[{"href":"https:\/\/actualizateiguazu.com\/v3\/wp-json\/wp\/v2\/types\/post"}],"author":[{"embeddable":true,"href":"https:\/\/actualizateiguazu.com\/v3\/wp-json\/wp\/v2\/users\/1"}],"replies":[{"embeddable":true,"href":"https:\/\/actualizateiguazu.com\/v3\/wp-json\/wp\/v2\/comments?post=49944"}],"version-history":[{"count":1,"href":"https:\/\/actualizateiguazu.com\/v3\/wp-json\/wp\/v2\/posts\/49944\/revisions"}],"predecessor-version":[{"id":49948,"href":"https:\/\/actualizateiguazu.com\/v3\/wp-json\/wp\/v2\/posts\/49944\/revisions\/49948"}],"wp:featuredmedia":[{"embeddable":true,"href":"https:\/\/actualizateiguazu.com\/v3\/wp-json\/wp\/v2\/media\/49945"}],"wp:attachment":[{"href":"https:\/\/actualizateiguazu.com\/v3\/wp-json\/wp\/v2\/media?parent=49944"}],"wp:term":[{"taxonomy":"category","embeddable":true,"href":"https:\/\/actualizateiguazu.com\/v3\/wp-json\/wp\/v2\/categories?post=49944"},{"taxonomy":"post_tag","embeddable":true,"href":"https:\/\/actualizateiguazu.com\/v3\/wp-json\/wp\/v2\/tags?post=49944"}],"curies":[{"name":"wp","href":"https:\/\/api.w.org\/{rel}","templated":true}]}}