{"id":49953,"date":"2025-02-21T15:24:59","date_gmt":"2025-02-21T18:24:59","guid":{"rendered":"https:\/\/actualizateiguazu.com\/v3\/?p=49953"},"modified":"2025-02-21T15:24:59","modified_gmt":"2025-02-21T18:24:59","slug":"la-policia-recupero-dos-vehiculos-robados-del-corralon-municipal-hay-un-detenido","status":"publish","type":"post","link":"https:\/\/actualizateiguazu.com\/v3\/2025\/02\/21\/la-policia-recupero-dos-vehiculos-robados-del-corralon-municipal-hay-un-detenido\/","title":{"rendered":"La polic\u00eda recuper\u00f3 dos veh\u00edculos robados del corral\u00f3n municipal: hay un detenido"},"content":{"rendered":"<p>Son dos los veh\u00edculos retenidos en operativos que fueron robados del corral\u00f3n Municipal. Cabe destacar que al ser depositados en el Corralon est\u00e1n bajo responsabilidad de Municipio.<\/p>\n<p>La Polic\u00eda detuvo a un hombre de 50 a\u00f1os, acusado de haber sustra\u00eddo un veh\u00edculo del corral\u00f3n municipal de Iguaz\u00fa, adem\u00e1s, durante una recorrida de prevenci\u00f3n en la ciudad ubicaron el autom\u00f3vil y lo secuestraron.<\/p>\n<p>En el marco de una investigaci\u00f3n que se inici\u00f3 el mi\u00e9rcoles, durante una recorrida de prevenci\u00f3n realizada por la Comisaria Seccional segunda, se detuvo al acusado por hurto de un autom\u00f3vil. El arresto tuvo lugar sobre la Avenida Rep\u00fablica Argentina, entre Gervacio Artigas y Chacho Pe\u00f1aloza.<\/p>\n<p><img loading=\"lazy\" decoding=\"async\" class=\"alignnone size-full wp-image-49955\" src=\"https:\/\/actualizateiguazu.com\/v3\/wp-content\/uploads\/2025\/02\/WhatsApp-Image-2025-02-21-at-12.23.09-PM.jpeg\" alt=\"\" width=\"963\" height=\"1280\" srcset=\"https:\/\/actualizateiguazu.com\/v3\/wp-content\/uploads\/2025\/02\/WhatsApp-Image-2025-02-21-at-12.23.09-PM.jpeg 963w, https:\/\/actualizateiguazu.com\/v3\/wp-content\/uploads\/2025\/02\/WhatsApp-Image-2025-02-21-at-12.23.09-PM-226x300.jpeg 226w, https:\/\/actualizateiguazu.com\/v3\/wp-content\/uploads\/2025\/02\/WhatsApp-Image-2025-02-21-at-12.23.09-PM-770x1024.jpeg 770w, https:\/\/actualizateiguazu.com\/v3\/wp-content\/uploads\/2025\/02\/WhatsApp-Image-2025-02-21-at-12.23.09-PM-768x1021.jpeg 768w\" sizes=\"auto, (max-width: 963px) 100vw, 963px\" \/><\/p>\n<p>Durante la misma intervenci\u00f3n, los efectivos policiales localizaron el autom\u00f3vil Honda modelo Civic, que hab\u00eda sido sustra\u00eddo el 19 de febrero del corral\u00f3n municipal. El veh\u00edculo fue hallado estacionado sobre la vereda en la intersecci\u00f3n de calle San Cayetano y calle San V\u00edctor, en el Barrio Santa Rita.<\/p>\n<p>Tras realizar las consultas pertinentes con el magistrado interviniente, el detenido fue notificado de la causa y resguardado en sede policial hasta tanto sea requerido en los estrados judiciales. En cuanto al veh\u00edculo incautado, este ser\u00e1 depositado nuevamente en el corral\u00f3n municipal.<\/p>\n","protected":false},"excerpt":{"rendered":"<p>Son dos los veh\u00edculos retenidos en operativos que fueron robados del corral\u00f3n Municipal. Cabe destacar<\/p>\n","protected":false},"author":1,"featured_media":49954,"comment_status":"open","ping_status":"open","sticky":false,"template":"","format":"standard","meta":{"footnotes":""},"categories":[1,226],"tags":[],"class_list":["post-49953","post","type-post","status-publish","format-standard","has-post-thumbnail","hentry","category-actualidad","category-locales"],"_links":{"self":[{"href":"https:\/\/actualizateiguazu.com\/v3\/wp-json\/wp\/v2\/posts\/49953","targetHints":{"allow":["GET"]}}],"collection":[{"href":"https:\/\/actualizateiguazu.com\/v3\/wp-json\/wp\/v2\/posts"}],"about":[{"href":"https:\/\/actualizateiguazu.com\/v3\/wp-json\/wp\/v2\/types\/post"}],"author":[{"embeddable":true,"href":"https:\/\/actualizateiguazu.com\/v3\/wp-json\/wp\/v2\/users\/1"}],"replies":[{"embeddable":true,"href":"https:\/\/actualizateiguazu.com\/v3\/wp-json\/wp\/v2\/comments?post=49953"}],"version-history":[{"count":1,"href":"https:\/\/actualizateiguazu.com\/v3\/wp-json\/wp\/v2\/posts\/49953\/revisions"}],"predecessor-version":[{"id":49956,"href":"https:\/\/actualizateiguazu.com\/v3\/wp-json\/wp\/v2\/posts\/49953\/revisions\/49956"}],"wp:featuredmedia":[{"embeddable":true,"href":"https:\/\/actualizateiguazu.com\/v3\/wp-json\/wp\/v2\/media\/49954"}],"wp:attachment":[{"href":"https:\/\/actualizateiguazu.com\/v3\/wp-json\/wp\/v2\/media?parent=49953"}],"wp:term":[{"taxonomy":"category","embeddable":true,"href":"https:\/\/actualizateiguazu.com\/v3\/wp-json\/wp\/v2\/categories?post=49953"},{"taxonomy":"post_tag","embeddable":true,"href":"https:\/\/actualizateiguazu.com\/v3\/wp-json\/wp\/v2\/tags?post=49953"}],"curies":[{"name":"wp","href":"https:\/\/api.w.org\/{rel}","templated":true}]}}