{"id":49969,"date":"2025-02-21T21:51:08","date_gmt":"2025-02-22T00:51:08","guid":{"rendered":"https:\/\/actualizateiguazu.com\/v3\/?p=49969"},"modified":"2025-02-21T21:51:08","modified_gmt":"2025-02-22T00:51:08","slug":"familiares-identificaron-el-cuerpo-del-pescador-desaparecido-el-martes","status":"publish","type":"post","link":"https:\/\/actualizateiguazu.com\/v3\/2025\/02\/21\/familiares-identificaron-el-cuerpo-del-pescador-desaparecido-el-martes\/","title":{"rendered":"Familiares identificaron el cuerpo del pescador desaparecido el martes"},"content":{"rendered":"<p>El hallazgo fue a horas tempranas del viernes, una pareja de personas mayores lo encontr\u00f3 y para evitar que la corriente se lo lleve lo ataron. Como no hay se\u00f1al en la zona debieron regresar para dar aviso. Su esposa lo reconoci\u00f3 en la morgue de Eldorado.<\/p>\n<p>Una odisea vivi\u00f3 la familia de Gustavo Rodr\u00edguez, quien desapareci\u00f3 en aguas del rio Paran\u00e1 el pasado martes luego de un siniestro en las aguas. La b\u00fasqueda se extendi\u00f3 por dos d\u00edas, hasta que le cuerpo fue encontrado en el rio en cercan\u00edas a Colonia Mado por una pareja de personas mayores que debieron atar el cuerpo para ir a buscar ayuda y dar aviso a las autoridades ya que se encontraba en una zona sin se\u00f1al de tel\u00e9fono. Tras la identificaci\u00f3n por un tatuaje se realiz\u00f3 las pericias por parte de Gendarmer\u00eda Nacional y trasladaron el cuerpo a la morgue de la localidad de Eldorado.<\/p>\n<p>Los familiares vivieron momento de incertidumbre esperando la llegada del cuerpo a la morgue de Iguaz\u00fa durante 6 horas. \u201cMe llamaron y me preguntaron si tenia un tatuaje, yo le dije que si, me dijeron lo que dec\u00eda y le dije que era \u00e9l. Despu\u00e9s pens\u00e9 que lo tra\u00edan a Iguaz\u00fa para reconocer el cuerpo y no llegaba nadie nos dec\u00eda nada\u201d cont\u00f3 Valeria Silvero esposa de Gustavo Rodr\u00edguez.<\/p>\n<p><img loading=\"lazy\" decoding=\"async\" class=\"alignnone size-full wp-image-49965\" src=\"https:\/\/actualizateiguazu.com\/v3\/wp-content\/uploads\/2025\/02\/WhatsApp-Image-2025-02-21-at-12.04.32-PM-1.jpeg\" alt=\"\" width=\"1599\" height=\"899\" srcset=\"https:\/\/actualizateiguazu.com\/v3\/wp-content\/uploads\/2025\/02\/WhatsApp-Image-2025-02-21-at-12.04.32-PM-1.jpeg 1599w, https:\/\/actualizateiguazu.com\/v3\/wp-content\/uploads\/2025\/02\/WhatsApp-Image-2025-02-21-at-12.04.32-PM-1-300x169.jpeg 300w, https:\/\/actualizateiguazu.com\/v3\/wp-content\/uploads\/2025\/02\/WhatsApp-Image-2025-02-21-at-12.04.32-PM-1-1024x576.jpeg 1024w, https:\/\/actualizateiguazu.com\/v3\/wp-content\/uploads\/2025\/02\/WhatsApp-Image-2025-02-21-at-12.04.32-PM-1-768x432.jpeg 768w, https:\/\/actualizateiguazu.com\/v3\/wp-content\/uploads\/2025\/02\/WhatsApp-Image-2025-02-21-at-12.04.32-PM-1-1536x864.jpeg 1536w, https:\/\/actualizateiguazu.com\/v3\/wp-content\/uploads\/2025\/02\/WhatsApp-Image-2025-02-21-at-12.04.32-PM-1-800x450.jpeg 800w\" sizes=\"auto, (max-width: 1599px) 100vw, 1599px\" \/><\/p>\n<p>Cerca de las 16.30 horas, reci\u00e9n la familia obtuvo informaci\u00f3n, desde la URV el comisario informo que el cuerpo fue traslado a la morgue de Eldorado y que efectivos de Gendarmer\u00eda trasladar\u00edan a la esposa para el reconocimiento.<\/p>\n<p>\u201cLo que me dijeron que hasta la tarde no hab\u00edan sacado el cuerpo del agua ya que llevaron adelante las pericias ah\u00ed. Encontraron la mochila de el, pero estaba vac\u00eda, no estaba su documento. Ahora voy a reconocer a Eldorado y me dijeron que una vez que termine la autopsia lo traen a Iguaz\u00fa\u201d explico Silvero<\/p>\n<p>La familia se reuni\u00f3 para pedir justicia y rogar a que las investigaciones puedan determinar el grado de culpabilidad de la Fuerza, que seg\u00fan testigos fue la que provoc\u00f3 el accidente.<\/p>\n<p>Por su parte desde la Polic\u00eda de Misiones confirmaron que el cuerpo de Gustavo Rodr\u00edguez de 32 a\u00f1os, fue extra\u00eddo esta tarde de las aguas del r\u00edo Paran\u00e1 al kil\u00f3metro 1543, quien hab\u00eda ingresado al afluente en la noche del martes, luego de que su embarcaci\u00f3n naufragara.<\/p>\n<p><img loading=\"lazy\" decoding=\"async\" class=\"alignnone size-full wp-image-49964\" src=\"https:\/\/actualizateiguazu.com\/v3\/wp-content\/uploads\/2025\/02\/WhatsApp-Image-2025-02-21-at-8.58.15-PM-1.jpeg\" alt=\"\" width=\"1280\" height=\"721\" srcset=\"https:\/\/actualizateiguazu.com\/v3\/wp-content\/uploads\/2025\/02\/WhatsApp-Image-2025-02-21-at-8.58.15-PM-1.jpeg 1280w, https:\/\/actualizateiguazu.com\/v3\/wp-content\/uploads\/2025\/02\/WhatsApp-Image-2025-02-21-at-8.58.15-PM-1-300x169.jpeg 300w, https:\/\/actualizateiguazu.com\/v3\/wp-content\/uploads\/2025\/02\/WhatsApp-Image-2025-02-21-at-8.58.15-PM-1-1024x577.jpeg 1024w, https:\/\/actualizateiguazu.com\/v3\/wp-content\/uploads\/2025\/02\/WhatsApp-Image-2025-02-21-at-8.58.15-PM-1-768x433.jpeg 768w, https:\/\/actualizateiguazu.com\/v3\/wp-content\/uploads\/2025\/02\/WhatsApp-Image-2025-02-21-at-8.58.15-PM-1-800x450.jpeg 800w\" sizes=\"auto, (max-width: 1280px) 100vw, 1280px\" \/><\/p>\n<p>En un momento, su acompa\u00f1ante pudo volver a la costa, pero sin Gustavo. En estos momentos, el juez que lleva a delante la investigaci\u00f3n de la causa, pidi\u00f3 la autopsia correspondiente. Cabe mencionar que los familiares reconocieron al occiso.<\/p>\n<p>Dos versiones<\/p>\n<p>Como viene informando este medio, en un principio la informaci\u00f3n oficial dec\u00eda que una embarcaci\u00f3n con dos tripulantes hab\u00eda colisionado con una piedra y los efectivos de Prefectura hab\u00edan salvado a uno y se llevaba a cabo un operativo de b\u00fasqueda del desaparecido Rodr\u00edguez. Sin embargo, horas m\u00e1s tarde testigos en el lugar afirmaron que fueron los efectivos de Prefectura que colisionaron la peque\u00f1a embarcaci\u00f3n con dos lanchas de la fuerza.<\/p>\n<p>Ante esto, la esposa del desaparecido realiz\u00f3 la denuncia en Gendarmer\u00eda, fuerza de seguridad que est\u00e1 llevando adelante la investigaci\u00f3n del hecho. \u201cConseguimos muchos testigos y todos cuentan lo mismo, que la Prefectura los choc\u00f3 con dos lanchas. Ya les dijimos que ellos llevaron una para peritar, pero falta la otra. Fuimos a Prefectura a pedir informaci\u00f3n y nos dijeron que ten\u00edamos que ir hasta Eldorado para hacer preguntas, no podemos viajar para ir a preguntar, mi marido est\u00e1 desaparecido\u201d, reclam\u00f3 ante este medio.<\/p>\n<p>&nbsp;<\/p>\n<p>&nbsp;<\/p>\n","protected":false},"excerpt":{"rendered":"<p>El hallazgo fue a horas tempranas del viernes, una pareja de personas mayores lo encontr\u00f3<\/p>\n","protected":false},"author":1,"featured_media":49966,"comment_status":"open","ping_status":"open","sticky":false,"template":"","format":"standard","meta":{"footnotes":""},"categories":[1,226],"tags":[],"class_list":["post-49969","post","type-post","status-publish","format-standard","has-post-thumbnail","hentry","category-actualidad","category-locales"],"_links":{"self":[{"href":"https:\/\/actualizateiguazu.com\/v3\/wp-json\/wp\/v2\/posts\/49969","targetHints":{"allow":["GET"]}}],"collection":[{"href":"https:\/\/actualizateiguazu.com\/v3\/wp-json\/wp\/v2\/posts"}],"about":[{"href":"https:\/\/actualizateiguazu.com\/v3\/wp-json\/wp\/v2\/types\/post"}],"author":[{"embeddable":true,"href":"https:\/\/actualizateiguazu.com\/v3\/wp-json\/wp\/v2\/users\/1"}],"replies":[{"embeddable":true,"href":"https:\/\/actualizateiguazu.com\/v3\/wp-json\/wp\/v2\/comments?post=49969"}],"version-history":[{"count":1,"href":"https:\/\/actualizateiguazu.com\/v3\/wp-json\/wp\/v2\/posts\/49969\/revisions"}],"predecessor-version":[{"id":49970,"href":"https:\/\/actualizateiguazu.com\/v3\/wp-json\/wp\/v2\/posts\/49969\/revisions\/49970"}],"wp:featuredmedia":[{"embeddable":true,"href":"https:\/\/actualizateiguazu.com\/v3\/wp-json\/wp\/v2\/media\/49966"}],"wp:attachment":[{"href":"https:\/\/actualizateiguazu.com\/v3\/wp-json\/wp\/v2\/media?parent=49969"}],"wp:term":[{"taxonomy":"category","embeddable":true,"href":"https:\/\/actualizateiguazu.com\/v3\/wp-json\/wp\/v2\/categories?post=49969"},{"taxonomy":"post_tag","embeddable":true,"href":"https:\/\/actualizateiguazu.com\/v3\/wp-json\/wp\/v2\/tags?post=49969"}],"curies":[{"name":"wp","href":"https:\/\/api.w.org\/{rel}","templated":true}]}}