{"id":49972,"date":"2025-02-22T17:17:33","date_gmt":"2025-02-22T20:17:33","guid":{"rendered":"https:\/\/actualizateiguazu.com\/v3\/?p=49972"},"modified":"2025-02-22T17:17:33","modified_gmt":"2025-02-22T20:17:33","slug":"el-parlamento-del-norte-grande-se-reunio-en-iguazu-y-analizaron-como-afectan-las-medidas-nacionales-a-las-provincias","status":"publish","type":"post","link":"https:\/\/actualizateiguazu.com\/v3\/2025\/02\/22\/el-parlamento-del-norte-grande-se-reunio-en-iguazu-y-analizaron-como-afectan-las-medidas-nacionales-a-las-provincias\/","title":{"rendered":"El Parlamento del Norte Grande se reuni\u00f3 en Iguaz\u00fa y analizaron como afectan las medidas nacionales a las provincias"},"content":{"rendered":"<p>El c\u00f3nclave, que fue el primero del a\u00f1o de la Junta Ejecutiva, sirvi\u00f3 para discutir diversos temas transversales a todas las provincias del NEA y del NOA, adem\u00e1s de tratarse de una antesala a las reuniones plenarias a realizarse en el a\u00f1o. Estuvieron presentes 6 vicegobernadores y los 4 restantes de manera virtual.<\/p>\n<p>La reuni\u00f3n se desarrollo en los salones del Hotel Panoramic Grand durante las jornadas de 20 y 21 de febrero, los presentes debatieron cuestiones en com\u00fan presentado su postura respecto a una serie de temas, entre los m\u00e1s preocupantes est\u00e1n el posible cierre de Vialidad Nacional y de otros organismos nacionales que son claves para la seguridad vial y para la producci\u00f3n agropecuaria. Durante la reuni\u00f3n que se extendi\u00f3 m\u00e1s de lo panificado se elabor\u00f3 un documento, un acuerdo donde detallan los puntos de mayor preocupaci\u00f3n de las provincias del Norte Grande.<\/p>\n<p>El presidente de la junta Ejecutiva del Parlamento del Norte grande que integran las provincias del NEA y NOA, Carlos Silva Neder vice gobernador de Santiago del Estero, expres\u00f3 que \u201chay una decisi\u00f3n de un gobierno nacional\u201d de desligarse \u201cde sus responsabilidades y obligaciones\u201d, de las cuales deben hacerse cargo los gobernadores\u201d<\/p>\n<p>\u201chay preocupaci\u00f3n por el cierre de organismos nacionales que son claves para la seguridad vial y para la producci\u00f3n agropecuaria\u201d. Silva Neder mencion\u00f3 puntualmente a la Direcci\u00f3n Nacional de Vialidad, el Instituto Nacional de Tecnolog\u00eda Agropecuaria y el Instituto Nacional de Tecnolog\u00eda Industrial.<\/p>\n<p><img loading=\"lazy\" decoding=\"async\" class=\"alignnone size-full wp-image-49973\" src=\"https:\/\/actualizateiguazu.com\/v3\/wp-content\/uploads\/2025\/02\/WhatsApp-Image-2025-02-21-at-7.34.59-PM.jpeg\" alt=\"\" width=\"1600\" height=\"734\" srcset=\"https:\/\/actualizateiguazu.com\/v3\/wp-content\/uploads\/2025\/02\/WhatsApp-Image-2025-02-21-at-7.34.59-PM.jpeg 1600w, https:\/\/actualizateiguazu.com\/v3\/wp-content\/uploads\/2025\/02\/WhatsApp-Image-2025-02-21-at-7.34.59-PM-300x138.jpeg 300w, https:\/\/actualizateiguazu.com\/v3\/wp-content\/uploads\/2025\/02\/WhatsApp-Image-2025-02-21-at-7.34.59-PM-1024x470.jpeg 1024w, https:\/\/actualizateiguazu.com\/v3\/wp-content\/uploads\/2025\/02\/WhatsApp-Image-2025-02-21-at-7.34.59-PM-768x352.jpeg 768w, https:\/\/actualizateiguazu.com\/v3\/wp-content\/uploads\/2025\/02\/WhatsApp-Image-2025-02-21-at-7.34.59-PM-1536x705.jpeg 1536w\" sizes=\"auto, (max-width: 1600px) 100vw, 1600px\" \/><\/p>\n<p>En di\u00e1logo con la prensa, el anfitri\u00f3n Dr. Oscar Herrera Ahuad presidente de la Legislatura Provincial, agradeci\u00f3 la presencia de los presidentes de las legislaturas del Norte Grande que participaron de la reuni\u00f3n, tanto en forma presencial como v\u00eda online. \u201cPara nosotros es fundamental. En nuestra provincia es la segunda reuni\u00f3n de estas caracter\u00edsticas, la primera fue una plenaria y \u00e9sta la reuni\u00f3n\u201d se centr\u00f3 en \u201ctem\u00e1ticas que son important\u00edsimas, transversales a la problem\u00e1tica y a las soluciones que le podemos dar desde el Norte Argentino.\u201d<\/p>\n<p>A su turno, Silva Neder coincidi\u00f3 con el diputado Herrera Ahuad, en que los temas que se abordaron en la reuni\u00f3n, son transversales \u201ca todas las provincias, partiendo de una idea fundamental: que el Norte Grande est\u00e1 unido, m\u00e1s all\u00e1 de esos l\u00edmites geogr\u00e1ficos que nos pueden separar. Yo creo que hay una historia en com\u00fan, una idea en com\u00fan de pa\u00eds, de confraternidad, y en este caso nosotros representando a nuestras legislaturas provinciales y con ellos a la voluntad popular\u201d, subray\u00f3 el presidente del Parlamento.<\/p>\n<p>De acuerdo con Silva Neder, la labor que lleva a cabo el parlamento, gira en torno a brindar un soporte legislativo \u201cpara ir acompa\u00f1ando las distintas decisiones que han venido tomando (la provincias) en ese espacio de integraci\u00f3n como es la Liga de Gobernadores Norte Grande.\u201d<\/p>\n<p>En la reuni\u00f3n de este jueves y viernes, seg\u00fan Silva Neder, \u201cse han fijado aqu\u00ed posturas muy claras. Primero, expresar un sentir que es com\u00fan\u201d respecto de \u201cdecisiones del Gobierno Nacional como de cerrar un organismo tan importante como lo es Vialidad Nacional.\u201d<\/p>\n<p>De acuerdo con el vicegobernador de Santiago del Estero, esa decisi\u00f3n de la administraci\u00f3n nacional, \u201cnos llena de onda preocupaci\u00f3n\u201d. \u201cM\u00e1s all\u00e1 del estado actual de rutas nacionales que pasan por los territorios provinciales, yo creo que cerrar un organismo tan importante significa un poco dar la espalda a la seguridad vial de aquellos que circulan por nuestras rutas\u201d, advirti\u00f3 Silva Neder.<\/p>\n<p>Y ampli\u00f3: \u201ctambi\u00e9n es un golpe muy fuerte a toda la abundante producci\u00f3n que gracias a Dios se da en nuestros territorios provinciales y que por esas rutas nacionales transitan precisamente\u201d.<\/p>\n<p><img loading=\"lazy\" decoding=\"async\" class=\"alignnone size-full wp-image-49974\" src=\"https:\/\/actualizateiguazu.com\/v3\/wp-content\/uploads\/2025\/02\/WhatsApp-Image-2025-02-21-at-7.35.00-PM-1.jpeg\" alt=\"\" width=\"1600\" height=\"966\" srcset=\"https:\/\/actualizateiguazu.com\/v3\/wp-content\/uploads\/2025\/02\/WhatsApp-Image-2025-02-21-at-7.35.00-PM-1.jpeg 1600w, https:\/\/actualizateiguazu.com\/v3\/wp-content\/uploads\/2025\/02\/WhatsApp-Image-2025-02-21-at-7.35.00-PM-1-300x181.jpeg 300w, https:\/\/actualizateiguazu.com\/v3\/wp-content\/uploads\/2025\/02\/WhatsApp-Image-2025-02-21-at-7.35.00-PM-1-1024x618.jpeg 1024w, https:\/\/actualizateiguazu.com\/v3\/wp-content\/uploads\/2025\/02\/WhatsApp-Image-2025-02-21-at-7.35.00-PM-1-768x464.jpeg 768w, https:\/\/actualizateiguazu.com\/v3\/wp-content\/uploads\/2025\/02\/WhatsApp-Image-2025-02-21-at-7.35.00-PM-1-1536x927.jpeg 1536w\" sizes=\"auto, (max-width: 1600px) 100vw, 1600px\" \/><\/p>\n<p>\u201cPor el otro lado tambi\u00e9n existe preocupaci\u00f3n por lo expresado por el gobierno de la Naci\u00f3n Argentina en relaci\u00f3n a cerrar tambi\u00e9n otros organismos nacionales como el INTA y el INTI\u201d, enfatiz\u00f3 Silva Neder, quien record\u00f3 que tales organismos \u201chan sabido acompa\u00f1ar toda nuestra de capacidad de producci\u00f3n tanto agraria como pecuaria\u201d.<\/p>\n<p>En esta l\u00ednea, Silva Neder insisti\u00f3 en que los integrantes del parlamento coinciden en que preocupa \u201cla voluntad expresada por el Gobierno nacional, de retirarnos a la naci\u00f3n Argentina de la Organizaci\u00f3n Mundial de la Salud, con lo que ello significa.\u201d<\/p>\n<p>Consultado sobre si consideran que existe un problema com\u00fan a todas las provincias del Norte Grande, Silva Neder insisti\u00f3 en que \u201chay una decisi\u00f3n de un gobierno nacional, que se est\u00e1 desligando de sus responsabilidades y obligaciones. Nuestros gobiernos provinciales han venido haci\u00e9ndose cargo de estas con los recursos originados en esa coparticipaci\u00f3n, que bien reciben nuestras provincias\u201d, detall\u00f3.<\/p>\n<p>Sin embargo, el titular del Parlamento record\u00f3 que \u201chay otras obligaciones de Naci\u00f3n que se originan, por ejemplo, en una ley espec\u00edfica y que obviamente Naci\u00f3n, viene recaudando\u201d. No obstante, \u201cno se env\u00edan esos recursos generados precisamente por esa legislaci\u00f3n de naturaleza impositiva\u201d, revel\u00f3 Silva Neder.<\/p>\n<p>\u201cNos llena de preocupaci\u00f3n porque obviamente nos hacemos cargo del problema, pero no tenemos el recurso que debe bajar de Naci\u00f3n para invertir, y a partir de all\u00ed, seguir garantiz\u00e1ndole a todos nuestros ciudadanos, los servicios b\u00e1sicos\u201d, puntualiz\u00f3 el vicegobernador santiague\u00f1o.<\/p>\n<p>Para ilustrar su argumento, Silva Neder puso de relieve que \u201cla mantenci\u00f3n de las rutas nacionales, se origina en una ley impositiva que impacta precisamente en aquel ciudadano que va a cargar un litro de combustible y una cuarta parte de eso que abona es para ello\u201d.<\/p>\n<p>Otro ejemplo que plante\u00f3 el titular del Parlamento del Norte Grande, para ilustrar el problema de la retracci\u00f3n del gobierno nacional de responsabilidades para las que recauda impuestos, es el que se relaciona al Fondo Nacional de Incentivo Docente (Fonid) discontinuado por el gobierno desde los primeros meses de la gesti\u00f3n del presidente Javier Milei.<\/p>\n<p>Silva Neder recalc\u00f3 que ese incentivo docente serv\u00eda \u201cpara garantizar tambi\u00e9n el funcionamiento de los comedores escolares en cada una de las provincias. Los gobiernos provinciales han tenido que afrontar con recursos propios, garantiz\u00e1ndoles a la ciudadan\u00eda de nuestras provincias, esos derechos y esos servicios que legalmente est\u00e1n a cargo de la Naci\u00f3n. Pero, hoy por hoy, est\u00e1n haci\u00e9ndose cargo a las provincias\u201d.<\/p>\n<p>En un tramo del di\u00e1logo con la prensa, no se eludi\u00f3 el tema m\u00e1s resonante de la pol\u00edtica nacional e internacional, relacionado a la estafa con una criptomoneda en la que est\u00e1 seriamente involucrado el presidente Milei.<\/p>\n<p>A t\u00edtulo personal y como ciudadano del Norte Grande, Silva Neder manifest\u00f3 que al conocer los pormenores del caso, \u201cnos llen\u00f3 de honda preocupaci\u00f3n. Pero somos hombres de la justicia, creemos en el Derecho y estamos convencidos de que la justicia va a investigar y va a poner sobre la mesa, a aquellos que sean responsables de esa defraudaci\u00f3n que ha trascendido los l\u00edmites de nuestro pa\u00eds y que ha impactado en ciudadan\u00eda y en intereses internacionales\u201d, subray\u00f3.<\/p>\n<p>\u201cLa preocupaci\u00f3n est\u00e1, pero somos respetuosos de lo que la justicia haga, y avance en relaci\u00f3n al caso. Y a partir de all\u00ed, tomaremos una postura ya definida como \u00f3rgano deliberativo de integraci\u00f3n regional que somos\u201d, manifest\u00f3 Silva Neder sobre el caso en el que se investiga el grado de responsabilidad de Milei en una estafa con criptomonedas, en la que el mandatario ser\u00eda, como m\u00ednimo, part\u00edcipe necesario.<\/p>\n<p>Finalmente, las autoridades del Parlamento del Norte Grande fijaron la fecha de la pr\u00f3xima reuni\u00f3n plenaria: ser\u00e1 en Santiago del Estero, los pr\u00f3ximos 27 y 28 de marzo.<\/p>\n","protected":false},"excerpt":{"rendered":"<p>El c\u00f3nclave, que fue el primero del a\u00f1o de la Junta Ejecutiva, sirvi\u00f3 para discutir<\/p>\n","protected":false},"author":1,"featured_media":49975,"comment_status":"open","ping_status":"open","sticky":false,"template":"","format":"standard","meta":{"footnotes":""},"categories":[1,226],"tags":[],"class_list":["post-49972","post","type-post","status-publish","format-standard","has-post-thumbnail","hentry","category-actualidad","category-locales"],"_links":{"self":[{"href":"https:\/\/actualizateiguazu.com\/v3\/wp-json\/wp\/v2\/posts\/49972","targetHints":{"allow":["GET"]}}],"collection":[{"href":"https:\/\/actualizateiguazu.com\/v3\/wp-json\/wp\/v2\/posts"}],"about":[{"href":"https:\/\/actualizateiguazu.com\/v3\/wp-json\/wp\/v2\/types\/post"}],"author":[{"embeddable":true,"href":"https:\/\/actualizateiguazu.com\/v3\/wp-json\/wp\/v2\/users\/1"}],"replies":[{"embeddable":true,"href":"https:\/\/actualizateiguazu.com\/v3\/wp-json\/wp\/v2\/comments?post=49972"}],"version-history":[{"count":1,"href":"https:\/\/actualizateiguazu.com\/v3\/wp-json\/wp\/v2\/posts\/49972\/revisions"}],"predecessor-version":[{"id":49976,"href":"https:\/\/actualizateiguazu.com\/v3\/wp-json\/wp\/v2\/posts\/49972\/revisions\/49976"}],"wp:featuredmedia":[{"embeddable":true,"href":"https:\/\/actualizateiguazu.com\/v3\/wp-json\/wp\/v2\/media\/49975"}],"wp:attachment":[{"href":"https:\/\/actualizateiguazu.com\/v3\/wp-json\/wp\/v2\/media?parent=49972"}],"wp:term":[{"taxonomy":"category","embeddable":true,"href":"https:\/\/actualizateiguazu.com\/v3\/wp-json\/wp\/v2\/categories?post=49972"},{"taxonomy":"post_tag","embeddable":true,"href":"https:\/\/actualizateiguazu.com\/v3\/wp-json\/wp\/v2\/tags?post=49972"}],"curies":[{"name":"wp","href":"https:\/\/api.w.org\/{rel}","templated":true}]}}