{"id":50083,"date":"2025-02-28T11:08:48","date_gmt":"2025-02-28T14:08:48","guid":{"rendered":"https:\/\/actualizateiguazu.com\/v3\/?p=50083"},"modified":"2025-02-28T11:08:48","modified_gmt":"2025-02-28T14:08:48","slug":"el-incendio-del-destacamento-de-guardaparques-comenzo-por-un-desperfecto-mecanico","status":"publish","type":"post","link":"https:\/\/actualizateiguazu.com\/v3\/2025\/02\/28\/el-incendio-del-destacamento-de-guardaparques-comenzo-por-un-desperfecto-mecanico\/","title":{"rendered":"El incendio del Destacamento de Guardaparques comenz\u00f3 por un desperfecto mec\u00e1nico"},"content":{"rendered":"<p>El hecho que se registr\u00f3 a las 4 de esta madrugada y afect\u00f3 a dos camionetas junto a parte del garaje del Destacamento Parque Provincial Pen\u00ednsula de la ciudad de Puerto Iguaz\u00fa. Y tras las pericias de Bomberos de la Polic\u00eda, se detect\u00f3 que habr\u00eda comenzado a ra\u00edz de un desperfecto mec\u00e1nico de una de las camionetas.<\/p>\n<p>Luego de sofocar el incendio, los bomberos realizaron el trabajo pericial, el cual dio como resultado la detecci\u00f3n de que las llamas comenzaron a ra\u00edz de las fallas el\u00e9ctricas de una camioneta Volkswagen Amarok provocando que el fuego se extendieran a una Chevrolet S10 y el garaje de dicho Destacamento.<\/p>\n<p>Cabe mencionar, que afortunadamente no se registraron personas lesionadas, solamente da\u00f1os materiales.<\/p>\n","protected":false},"excerpt":{"rendered":"<p>El hecho que se registr\u00f3 a las 4 de esta madrugada y afect\u00f3 a dos<\/p>\n","protected":false},"author":1,"featured_media":50084,"comment_status":"open","ping_status":"open","sticky":false,"template":"","format":"standard","meta":{"footnotes":""},"categories":[1,226],"tags":[],"class_list":["post-50083","post","type-post","status-publish","format-standard","has-post-thumbnail","hentry","category-actualidad","category-locales"],"_links":{"self":[{"href":"https:\/\/actualizateiguazu.com\/v3\/wp-json\/wp\/v2\/posts\/50083","targetHints":{"allow":["GET"]}}],"collection":[{"href":"https:\/\/actualizateiguazu.com\/v3\/wp-json\/wp\/v2\/posts"}],"about":[{"href":"https:\/\/actualizateiguazu.com\/v3\/wp-json\/wp\/v2\/types\/post"}],"author":[{"embeddable":true,"href":"https:\/\/actualizateiguazu.com\/v3\/wp-json\/wp\/v2\/users\/1"}],"replies":[{"embeddable":true,"href":"https:\/\/actualizateiguazu.com\/v3\/wp-json\/wp\/v2\/comments?post=50083"}],"version-history":[{"count":1,"href":"https:\/\/actualizateiguazu.com\/v3\/wp-json\/wp\/v2\/posts\/50083\/revisions"}],"predecessor-version":[{"id":50085,"href":"https:\/\/actualizateiguazu.com\/v3\/wp-json\/wp\/v2\/posts\/50083\/revisions\/50085"}],"wp:featuredmedia":[{"embeddable":true,"href":"https:\/\/actualizateiguazu.com\/v3\/wp-json\/wp\/v2\/media\/50084"}],"wp:attachment":[{"href":"https:\/\/actualizateiguazu.com\/v3\/wp-json\/wp\/v2\/media?parent=50083"}],"wp:term":[{"taxonomy":"category","embeddable":true,"href":"https:\/\/actualizateiguazu.com\/v3\/wp-json\/wp\/v2\/categories?post=50083"},{"taxonomy":"post_tag","embeddable":true,"href":"https:\/\/actualizateiguazu.com\/v3\/wp-json\/wp\/v2\/tags?post=50083"}],"curies":[{"name":"wp","href":"https:\/\/api.w.org\/{rel}","templated":true}]}}