{"id":50242,"date":"2025-03-12T09:25:07","date_gmt":"2025-03-12T12:25:07","guid":{"rendered":"https:\/\/actualizateiguazu.com\/v3\/?p=50242"},"modified":"2025-03-12T09:25:07","modified_gmt":"2025-03-12T12:25:07","slug":"becas-progresar-estan-abiertas-las-inscripciones-hasta-el-30-de-marzo","status":"publish","type":"post","link":"https:\/\/actualizateiguazu.com\/v3\/2025\/03\/12\/becas-progresar-estan-abiertas-las-inscripciones-hasta-el-30-de-marzo\/","title":{"rendered":"Becas progresar: Est\u00e1n abiertas las inscripciones hasta el 30 de marzo"},"content":{"rendered":"<p>El gobierno nacional lanz\u00f3 la primera convocatoria para la inscripci\u00f3n de las becas Progresar. La inscripci\u00f3n se realiza en la plataforma progresar, aunque primero se deben registrar en la aplicaci\u00f3n Mi Argentina.<\/p>\n<p>El Programa de Respaldo a Estudiantes de Argentina (Progresar) es una pol\u00edtica p\u00fablica desarrollada por el Ministerio de Educaci\u00f3n de la Naci\u00f3n. Fue creado a trav\u00e9s del decreto 84\/2014, con el prop\u00f3sito de mitigar las desigualdades sociales y econ\u00f3micas que dificultan el ejercicio del derecho a la educaci\u00f3n. Fortalece las trayectorias de quienes buscan finalizar su educaci\u00f3n obligatoria, formarse profesionalmente o estudiar una carrera de nivel superior. La primera convocatoria comenz\u00f3 el 10 de marzo y finaliza el 30 del corriente.<\/p>\n<p>El programa est\u00e1 dirigido a j\u00f3venes de 16 a 24 a\u00f1os y contempla poblaciones priorizadas para las cuales var\u00edan los requisitos de edad. Cuenta con cuatro l\u00edneas de becas: Progresar Obligatorio promueve la finalizaci\u00f3n de la educaci\u00f3n obligatoria, e incluye una subl\u00ednea pensada para j\u00f3venes de 16 y 17 a\u00f1os; Progresar Superior acompa\u00f1a a estudiantes de institutos superiores y universidades; Progresar Trabajo se orienta a cursos de formaci\u00f3n profesional; y Progresar Enfermer\u00eda, a quienes cursen la carrera de enfermer\u00eda en universidades y terciarios.<\/p>\n<p>El Programa espera colaborar en el desarrollo de la actitud reflexiva y la capacidad cr\u00edtica propias de los sujetos de derecho. Por eso, las y los becarios son responsables del estipendio econ\u00f3mico. Lo reciben en una cuenta bancaria a su nombre, cuya titularidad promueve la inclusi\u00f3n financiera.<\/p>\n<p>No obstante, Progresar no se limita a una transferencia monetaria. Con el objetivo de potenciar su alcance y acompa\u00f1ar a las y los estudiantes en todo el proceso, se articulan Espacios Progresar en escuelas, institutos y universidades, y Puntos Progresar en los municipios.<\/p>\n<p>En tanto acci\u00f3n estatal, el prop\u00f3sito \u00faltimo del Programa es contribuir al desarrollo y crecimiento de la Argentina. De ah\u00ed la importancia de garantizar condiciones igualitarias de acceso, permanencia y egreso en la educaci\u00f3n, considerando el conocimiento como bien p\u00fablico y derecho personal y social.<\/p>\n<p>La inscripci\u00f3n se realiza en la plataforma <a href=\"https:\/\/www.argentina.gob.ar\/educacion\/progresar\">https:\/\/www.argentina.gob.ar\/educacion\/progresar<\/a> pero para completar parte del proceso ser\u00e1 necesario estar registrado en la App Mi Argentina. Los estudiantes deber\u00e1n informar un numero de CBU o CVU a nombre del solicitante para la ejecuci\u00f3n del pago.<\/p>\n","protected":false},"excerpt":{"rendered":"<p>El gobierno nacional lanz\u00f3 la primera convocatoria para la inscripci\u00f3n de las becas Progresar. La<\/p>\n","protected":false},"author":1,"featured_media":50243,"comment_status":"open","ping_status":"open","sticky":false,"template":"","format":"standard","meta":{"footnotes":""},"categories":[1,226,227],"tags":[],"class_list":["post-50242","post","type-post","status-publish","format-standard","has-post-thumbnail","hentry","category-actualidad","category-locales","category-nacionales"],"_links":{"self":[{"href":"https:\/\/actualizateiguazu.com\/v3\/wp-json\/wp\/v2\/posts\/50242","targetHints":{"allow":["GET"]}}],"collection":[{"href":"https:\/\/actualizateiguazu.com\/v3\/wp-json\/wp\/v2\/posts"}],"about":[{"href":"https:\/\/actualizateiguazu.com\/v3\/wp-json\/wp\/v2\/types\/post"}],"author":[{"embeddable":true,"href":"https:\/\/actualizateiguazu.com\/v3\/wp-json\/wp\/v2\/users\/1"}],"replies":[{"embeddable":true,"href":"https:\/\/actualizateiguazu.com\/v3\/wp-json\/wp\/v2\/comments?post=50242"}],"version-history":[{"count":1,"href":"https:\/\/actualizateiguazu.com\/v3\/wp-json\/wp\/v2\/posts\/50242\/revisions"}],"predecessor-version":[{"id":50244,"href":"https:\/\/actualizateiguazu.com\/v3\/wp-json\/wp\/v2\/posts\/50242\/revisions\/50244"}],"wp:featuredmedia":[{"embeddable":true,"href":"https:\/\/actualizateiguazu.com\/v3\/wp-json\/wp\/v2\/media\/50243"}],"wp:attachment":[{"href":"https:\/\/actualizateiguazu.com\/v3\/wp-json\/wp\/v2\/media?parent=50242"}],"wp:term":[{"taxonomy":"category","embeddable":true,"href":"https:\/\/actualizateiguazu.com\/v3\/wp-json\/wp\/v2\/categories?post=50242"},{"taxonomy":"post_tag","embeddable":true,"href":"https:\/\/actualizateiguazu.com\/v3\/wp-json\/wp\/v2\/tags?post=50242"}],"curies":[{"name":"wp","href":"https:\/\/api.w.org\/{rel}","templated":true}]}}