{"id":50282,"date":"2025-03-13T18:01:18","date_gmt":"2025-03-13T21:01:18","guid":{"rendered":"https:\/\/actualizateiguazu.com\/v3\/?p=50282"},"modified":"2025-03-13T18:01:18","modified_gmt":"2025-03-13T21:01:18","slug":"argentina-medita-personas-de-50-ciudades-del-pais-meditaran-por-la-paz","status":"publish","type":"post","link":"https:\/\/actualizateiguazu.com\/v3\/2025\/03\/13\/argentina-medita-personas-de-50-ciudades-del-pais-meditaran-por-la-paz\/","title":{"rendered":"Argentina Medita: Personas de 50 ciudades del pa\u00eds meditar\u00e1n por la paz"},"content":{"rendered":"<p>El pr\u00f3ximo 15 de marzo, El Arte de Vivir llevara\u0301 a cabo una nueva edici\u00f3n de Argentina Medita, un evento masivo de meditaci\u00f3n que se realizara\u0301 en m\u00e1s de 50 ciudades del pa\u00eds, entre ellas Puerto Iguaz\u00fa.<\/p>\n<p>Este encuentro tiene como prop\u00f3sito ayudar a sembrar paz y bienestar en todos los participantes y la comunidad en general. Tras casi 15 a\u00f1os de la primera edici\u00f3n de esta actividad que ha convocado a miles de personas, El Arte de Vivir ofrecer\u00e1\u0301 una jornada especial donde instructores y voluntarios guiar\u00e1n una meditaci\u00f3n grupal acompa\u00f1ada de t\u00e9cnicas de respiraci\u00f3n que ayudan a reducir el estr\u00e9s y la ansiedad. En Iguaz\u00fa se realizar\u00e1 en el sal\u00f3n del Iturem a las 18horas.<\/p>\n<p>Con entrada libre y gratuita, el evento esta\u0301 destinado a todo p\u00fablico, sin importar la experiencia previa en meditaci\u00f3n. Uno de los principales objetivos es que m\u00e1s personas descubran los beneficios de estas pr\u00e1cticas milenarias, que contribuyen a mejorar la salud f\u00edsica y emocional.<\/p>\n<p>La meditaci\u00f3n grupal tiene un profundo impacto: no solo alivia el estr\u00e9s de los participantes, sino que tambi\u00e9n fomenta un ambiente arm\u00f3nico y conectado. Diversos estudios cl\u00ednicos han demostrado que la meditaci\u00f3n colectiva potencia la energ\u00eda grupal, generando un estado general de calma y bienestar, porque la paz se contagia.<\/p>\n<p>El Arte de Vivir, una organizacio\u0301n global presente en ma\u0301s de 180 pai\u0301ses, se dedica a la ensen\u0303anza de yoga, meditacio\u0301n y te\u0301cnicas de respiracio\u0301n consciente. Fue fundada en 1982 por Gurudev Sri Sri Ravi Shankar.<\/p>\n<p>&nbsp;<\/p>\n","protected":false},"excerpt":{"rendered":"<p>El pr\u00f3ximo 15 de marzo, El Arte de Vivir llevara\u0301 a cabo una nueva edici\u00f3n<\/p>\n","protected":false},"author":1,"featured_media":50283,"comment_status":"open","ping_status":"open","sticky":false,"template":"","format":"standard","meta":{"footnotes":""},"categories":[1,223,226],"tags":[],"class_list":["post-50282","post","type-post","status-publish","format-standard","has-post-thumbnail","hentry","category-actualidad","category-deportes","category-locales"],"_links":{"self":[{"href":"https:\/\/actualizateiguazu.com\/v3\/wp-json\/wp\/v2\/posts\/50282","targetHints":{"allow":["GET"]}}],"collection":[{"href":"https:\/\/actualizateiguazu.com\/v3\/wp-json\/wp\/v2\/posts"}],"about":[{"href":"https:\/\/actualizateiguazu.com\/v3\/wp-json\/wp\/v2\/types\/post"}],"author":[{"embeddable":true,"href":"https:\/\/actualizateiguazu.com\/v3\/wp-json\/wp\/v2\/users\/1"}],"replies":[{"embeddable":true,"href":"https:\/\/actualizateiguazu.com\/v3\/wp-json\/wp\/v2\/comments?post=50282"}],"version-history":[{"count":1,"href":"https:\/\/actualizateiguazu.com\/v3\/wp-json\/wp\/v2\/posts\/50282\/revisions"}],"predecessor-version":[{"id":50284,"href":"https:\/\/actualizateiguazu.com\/v3\/wp-json\/wp\/v2\/posts\/50282\/revisions\/50284"}],"wp:featuredmedia":[{"embeddable":true,"href":"https:\/\/actualizateiguazu.com\/v3\/wp-json\/wp\/v2\/media\/50283"}],"wp:attachment":[{"href":"https:\/\/actualizateiguazu.com\/v3\/wp-json\/wp\/v2\/media?parent=50282"}],"wp:term":[{"taxonomy":"category","embeddable":true,"href":"https:\/\/actualizateiguazu.com\/v3\/wp-json\/wp\/v2\/categories?post=50282"},{"taxonomy":"post_tag","embeddable":true,"href":"https:\/\/actualizateiguazu.com\/v3\/wp-json\/wp\/v2\/tags?post=50282"}],"curies":[{"name":"wp","href":"https:\/\/api.w.org\/{rel}","templated":true}]}}