{"id":50375,"date":"2025-03-20T18:33:00","date_gmt":"2025-03-20T21:33:00","guid":{"rendered":"https:\/\/actualizateiguazu.com\/v3\/?p=50375"},"modified":"2025-03-20T18:33:00","modified_gmt":"2025-03-20T21:33:00","slug":"pozo-azul-se-les-incendio-el-vehiculo-en-movimiento-lograron-salir-ilesos","status":"publish","type":"post","link":"https:\/\/actualizateiguazu.com\/v3\/2025\/03\/20\/pozo-azul-se-les-incendio-el-vehiculo-en-movimiento-lograron-salir-ilesos\/","title":{"rendered":"Pozo Azul: Se les incendio el veh\u00edculo en movimiento, lograron salir ilesos"},"content":{"rendered":"<p>Parte del equipo de Caritas Diocesano Iguaz\u00fa que se trasladaban hacia Pozo Azul, logr\u00f3 salir ileso, cuando por un aparente desperfecto mec\u00e1nico, el veh\u00edculo en el que se trasladaban se incendi\u00f3.<\/p>\n<p>Este mediod\u00eda, un parte del equipo Diocesano de Caritas Iguaz\u00fa, se trasladaba a la zona este para realizar una visita parroquial cuando en un momento dado vieron fuego se salieron r\u00e1pidamente del veh\u00edculo que fue consumido en su totalidad. El hecho se registro en la ruta 17 en el kil\u00f3metro 60 en cercan\u00edas a Pozo azul.<\/p>\n<p>En el veh\u00edculo, un Renault Kangoo de color gris se trasladaba la directora de caritas Diocesana, el referente del \u00e1rea de emergencia y una animadora de la zona. Tras lograr escapar de las llamas y una vez que las llamas fueron extinguidas, se trasladaron hacia la comisaria de Pozo Azul para asentar la denuncia correspondiente.<\/p>\n<div style=\"width: 382px;\" class=\"wp-video\"><video class=\"wp-video-shortcode\" id=\"video-50375-1\" width=\"382\" height=\"850\" preload=\"metadata\" controls=\"controls\"><source type=\"video\/mp4\" src=\"https:\/\/actualizateiguazu.com\/v3\/wp-content\/uploads\/2025\/03\/WhatsApp-Video-2025-03-20-at-6.08.39-PM.mp4?_=1\" \/><a href=\"https:\/\/actualizateiguazu.com\/v3\/wp-content\/uploads\/2025\/03\/WhatsApp-Video-2025-03-20-at-6.08.39-PM.mp4\">https:\/\/actualizateiguazu.com\/v3\/wp-content\/uploads\/2025\/03\/WhatsApp-Video-2025-03-20-at-6.08.39-PM.mp4<\/a><\/video><\/div>\n<p>Seg\u00fan explicaron los voceros el veh\u00edculo estaba en aparentes perfectas condiciones, incluso hace pocos d\u00edas se realizo el mantenimiento del veh\u00edculo ya que ten\u00edan planificado un recorrido por diferentes zonas de la Di\u00f3cesis.<\/p>\n<p>El equipo se encontraba haciendo visitas parroquiales y asistencia durante varios d\u00edas. Ten\u00edan previsto regresar a Puerto Iguaz\u00fa el viernes, pero el siniestro provoc\u00f3 que suspendan las actividades.<\/p>\n<p>&nbsp;<\/p>\n<p>&nbsp;<\/p>\n<p>&nbsp;<\/p>\n<p>&nbsp;<\/p>\n","protected":false},"excerpt":{"rendered":"<p>Parte del equipo de Caritas Diocesano Iguaz\u00fa que se trasladaban hacia Pozo Azul, logr\u00f3 salir<\/p>\n","protected":false},"author":1,"featured_media":50376,"comment_status":"open","ping_status":"open","sticky":false,"template":"","format":"standard","meta":{"footnotes":""},"categories":[1,226],"tags":[],"class_list":["post-50375","post","type-post","status-publish","format-standard","has-post-thumbnail","hentry","category-actualidad","category-locales"],"_links":{"self":[{"href":"https:\/\/actualizateiguazu.com\/v3\/wp-json\/wp\/v2\/posts\/50375","targetHints":{"allow":["GET"]}}],"collection":[{"href":"https:\/\/actualizateiguazu.com\/v3\/wp-json\/wp\/v2\/posts"}],"about":[{"href":"https:\/\/actualizateiguazu.com\/v3\/wp-json\/wp\/v2\/types\/post"}],"author":[{"embeddable":true,"href":"https:\/\/actualizateiguazu.com\/v3\/wp-json\/wp\/v2\/users\/1"}],"replies":[{"embeddable":true,"href":"https:\/\/actualizateiguazu.com\/v3\/wp-json\/wp\/v2\/comments?post=50375"}],"version-history":[{"count":1,"href":"https:\/\/actualizateiguazu.com\/v3\/wp-json\/wp\/v2\/posts\/50375\/revisions"}],"predecessor-version":[{"id":50378,"href":"https:\/\/actualizateiguazu.com\/v3\/wp-json\/wp\/v2\/posts\/50375\/revisions\/50378"}],"wp:featuredmedia":[{"embeddable":true,"href":"https:\/\/actualizateiguazu.com\/v3\/wp-json\/wp\/v2\/media\/50376"}],"wp:attachment":[{"href":"https:\/\/actualizateiguazu.com\/v3\/wp-json\/wp\/v2\/media?parent=50375"}],"wp:term":[{"taxonomy":"category","embeddable":true,"href":"https:\/\/actualizateiguazu.com\/v3\/wp-json\/wp\/v2\/categories?post=50375"},{"taxonomy":"post_tag","embeddable":true,"href":"https:\/\/actualizateiguazu.com\/v3\/wp-json\/wp\/v2\/tags?post=50375"}],"curies":[{"name":"wp","href":"https:\/\/api.w.org\/{rel}","templated":true}]}}