{"id":50388,"date":"2025-03-21T19:38:47","date_gmt":"2025-03-21T22:38:47","guid":{"rendered":"https:\/\/actualizateiguazu.com\/v3\/?p=50388"},"modified":"2025-03-21T21:47:18","modified_gmt":"2025-03-22T00:47:18","slug":"el-banco-de-corrientes-con-presencia-destacada-en-la-federacion-latinoamericana-de-bancos","status":"publish","type":"post","link":"https:\/\/actualizateiguazu.com\/v3\/2025\/03\/21\/el-banco-de-corrientes-con-presencia-destacada-en-la-federacion-latinoamericana-de-bancos\/","title":{"rendered":"El Banco de Corrientes, con presencia destacada en la Federaci\u00f3n Latinoamericana de Bancos."},"content":{"rendered":"<p><em>En el marco del 60\u00b0 aniversario de Felaban y de este convocante encuentro de lideres latinoamericanos, la entidad financiera correntina y su presidenta, Laura Sprovieri, fueron reconocidos por su compromiso, gesti\u00f3n innovadora y destacada labor en el sector financiero.<\/em><\/p>\n<p>Los d\u00edas 17, 18 y 19 de marzo se desarrollaron las primeras reuniones estatutarias del a\u00f1o de la Federaci\u00f3n en la ciudad de Buenos Aires, en el Centro de Negocios del Banco de Corrientes en la Ciudad Aut\u00f3noma de Buenos Aires. El evento reuni\u00f3 a l\u00edderes de la banca latinoamericana de 17 asociaciones bancarias, quienes discutieron temas claves e intercambiaron ideas, experiencias y estrategias con la mirada puesta en los desaf\u00edos venideros.<\/p>\n<p>Durante el evento, los destacados representantes de las entidades bancarias participaron en una serie de charlas brindadas por referentes del mundo de las finanzas. En ellas se debati\u00f3 sobre macroeconom\u00eda, regulaci\u00f3n, mercado de capitales, fintech y medios de pago, entre otros novedosos temas que estuvieron en agenda.<\/p>\n<p><img loading=\"lazy\" decoding=\"async\" class=\"alignnone size-full wp-image-50390\" src=\"https:\/\/actualizateiguazu.com\/v3\/wp-content\/uploads\/2025\/03\/WhatsApp-Image-2025-03-21-at-6.42.30-PM-scaled.jpeg\" alt=\"\" width=\"2560\" height=\"1170\" srcset=\"https:\/\/actualizateiguazu.com\/v3\/wp-content\/uploads\/2025\/03\/WhatsApp-Image-2025-03-21-at-6.42.30-PM-scaled.jpeg 2560w, https:\/\/actualizateiguazu.com\/v3\/wp-content\/uploads\/2025\/03\/WhatsApp-Image-2025-03-21-at-6.42.30-PM-300x137.jpeg 300w, https:\/\/actualizateiguazu.com\/v3\/wp-content\/uploads\/2025\/03\/WhatsApp-Image-2025-03-21-at-6.42.30-PM-1024x468.jpeg 1024w, https:\/\/actualizateiguazu.com\/v3\/wp-content\/uploads\/2025\/03\/WhatsApp-Image-2025-03-21-at-6.42.30-PM-768x351.jpeg 768w, https:\/\/actualizateiguazu.com\/v3\/wp-content\/uploads\/2025\/03\/WhatsApp-Image-2025-03-21-at-6.42.30-PM-1536x702.jpeg 1536w, https:\/\/actualizateiguazu.com\/v3\/wp-content\/uploads\/2025\/03\/WhatsApp-Image-2025-03-21-at-6.42.30-PM-2048x936.jpeg 2048w\" sizes=\"auto, (max-width: 2560px) 100vw, 2560px\" \/><\/p>\n<p>En este marco el Banco de Corrientes fue elegido por FELABAN como anfitri\u00f3n del encuentro de clausura de estas jornadas, una oportunidad de alcance internacional para la banca p\u00fablica correntina.<\/p>\n<p>El evento exclusivo, realizado el 19 de marzo en la sede del Banco de Corrientes en CABA, co\u00f3 con la presencia\u00a0 de destacados lideres financieros de la banca p\u00fablica y privada de Argentina, Chile, M\u00e9xico, Panam\u00e1, Bolivia, Rep\u00fablica Dominicana, Uruguay, Venezuela, El Salvador, Ecuador, Colombia y Paraguay. Uno de ellos fue el presidente de FELABAN, Ra\u00fal Guizado Novey, y tambi\u00e9n presidentes de bancos que conforman ABAPPRA y referentes de bancos latinoamericanos. Por parte del BanCo estuvieron presentes la presidenta Laura Sprovieri, el director Enzo Gast\u00f3n Mar\u00eda y el s\u00edndico Luis Miguel Gutnisky.<\/p>\n<p>En este contexto, la contadora Laura Sprovieri expres\u00f3: \u201cEs un verdadero placer, honor y privilegio darles la bienvenida a nuestra casa, la casa del Banco de Corrientes en sucursal Buenos Aires. Agradezco su presencia y disposici\u00f3n para sumarse a este encuentro que refleja nuestro compromiso como l\u00edderes de instituciones financieras en construir un futuro colaborativo para la regi\u00f3n\u201d.<\/p>\n<p>Finalmente, destac\u00f3 que \u201ceste espacio es clave para intercambiar ideas, experiencias y estrategias que nos permitan enfrentar los desaf\u00edos que tenemos por delante\u201d.<\/p>\n<p>&nbsp;<\/p>\n<p>Para el Banco de Corrientes, esta iniciativa represent\u00f3 adem\u00e1s una oportunidad \u00fanica para reafirmar su impronta institucional y su identidad provincial en un evento de relevancia internacional. Su participaci\u00f3n en esta celebraci\u00f3n fortaleci\u00f3 su posicionamiento dentro del \u00e1mbito financiero y bancario regional, consolidando su rol como un actor clave en el ecosistema financiero latinoamericano. Sin dudas un banco que sigue creciendo y marcando el camino del sector financiero.<\/p>\n<p>&nbsp;<\/p>\n<p>&nbsp;<\/p>\n<p>&nbsp;<\/p>\n<p>Sobre las jornadas<\/p>\n<p>&nbsp;<\/p>\n<p>El evento reuni\u00f3 a l\u00edderes de la banca latinoamericana de 17 asociaciones bancarias, quienes discutieron temas claves y cr\u00edticos para el sector. Las autoridades de la Asociaci\u00f3n de Bancos P\u00fablicos y Privados de la Rep\u00fablica Argentina (ABAPPRA) destacaron el compromiso de la banca en la promoci\u00f3n del desarrollo sostenible y la inclusi\u00f3n financiera en la regi\u00f3n.<\/p>\n<p>Durante estos encuentros, se desarrollaron diversas actividades entre las que se destacan exposiciones encabezadas por Pablo Quirno (Secretario de Finanzas de la Rep\u00fablica Argentina), Juan Curuchet (Superintendente de Entidades Financieras y Cambiarias del BCRA) y Roberto E. Silva (Presidente Comisi\u00f3n Nacional de Valores CNV).<\/p>\n<p>Estos espacios de discusi\u00f3n y an\u00e1lisis permiten fortalecer la colaboraci\u00f3n entre los actores del sector, compartir conocimientos estrat\u00e9gicos y trazar en conjunto el camino hacia un futuro financiero m\u00e1s din\u00e1mico e innovador en la regi\u00f3n.<\/p>\n<p>&nbsp;<\/p>\n<p>&nbsp;<\/p>\n<p>&nbsp;<\/p>\n<p>&nbsp;<\/p>\n","protected":false},"excerpt":{"rendered":"<p>En el marco del 60\u00b0 aniversario de Felaban y de este convocante encuentro de lideres<\/p>\n","protected":false},"author":1,"featured_media":50389,"comment_status":"open","ping_status":"open","sticky":false,"template":"","format":"standard","meta":{"footnotes":""},"categories":[1,226,227],"tags":[],"class_list":["post-50388","post","type-post","status-publish","format-standard","has-post-thumbnail","hentry","category-actualidad","category-locales","category-nacionales"],"_links":{"self":[{"href":"https:\/\/actualizateiguazu.com\/v3\/wp-json\/wp\/v2\/posts\/50388","targetHints":{"allow":["GET"]}}],"collection":[{"href":"https:\/\/actualizateiguazu.com\/v3\/wp-json\/wp\/v2\/posts"}],"about":[{"href":"https:\/\/actualizateiguazu.com\/v3\/wp-json\/wp\/v2\/types\/post"}],"author":[{"embeddable":true,"href":"https:\/\/actualizateiguazu.com\/v3\/wp-json\/wp\/v2\/users\/1"}],"replies":[{"embeddable":true,"href":"https:\/\/actualizateiguazu.com\/v3\/wp-json\/wp\/v2\/comments?post=50388"}],"version-history":[{"count":2,"href":"https:\/\/actualizateiguazu.com\/v3\/wp-json\/wp\/v2\/posts\/50388\/revisions"}],"predecessor-version":[{"id":50393,"href":"https:\/\/actualizateiguazu.com\/v3\/wp-json\/wp\/v2\/posts\/50388\/revisions\/50393"}],"wp:featuredmedia":[{"embeddable":true,"href":"https:\/\/actualizateiguazu.com\/v3\/wp-json\/wp\/v2\/media\/50389"}],"wp:attachment":[{"href":"https:\/\/actualizateiguazu.com\/v3\/wp-json\/wp\/v2\/media?parent=50388"}],"wp:term":[{"taxonomy":"category","embeddable":true,"href":"https:\/\/actualizateiguazu.com\/v3\/wp-json\/wp\/v2\/categories?post=50388"},{"taxonomy":"post_tag","embeddable":true,"href":"https:\/\/actualizateiguazu.com\/v3\/wp-json\/wp\/v2\/tags?post=50388"}],"curies":[{"name":"wp","href":"https:\/\/api.w.org\/{rel}","templated":true}]}}