{"id":50394,"date":"2025-03-22T15:44:08","date_gmt":"2025-03-22T18:44:08","guid":{"rendered":"https:\/\/actualizateiguazu.com\/v3\/?p=50394"},"modified":"2025-03-22T15:44:08","modified_gmt":"2025-03-22T18:44:08","slug":"iv-edicion-de-la-feria-del-libro-en-el-marco-de-la-semana-mercosurena-por-la-memoria-verdad-y-justicia","status":"publish","type":"post","link":"https:\/\/actualizateiguazu.com\/v3\/2025\/03\/22\/iv-edicion-de-la-feria-del-libro-en-el-marco-de-la-semana-mercosurena-por-la-memoria-verdad-y-justicia\/","title":{"rendered":"IV edici\u00f3n de la Feria del libro en el marco de la semana mercosure\u00f1a por la Memoria Verdad y Justicia"},"content":{"rendered":"<p>En el marco de la semana mercosure\u00f1a por el d\u00eda de la memoria verdad y Justicia se realizar\u00e1 una feria del libro en la plaza San Martin del Iguaz\u00fa, el domingo 23 realizaran la tradicional vigilia con micr\u00f3fono abierto.<\/p>\n<p>En conmemoraci\u00f3n a la Semana de la Memoria, la Verdad y la Justicia, que comenz\u00f3 el 18 de marzo con actividades en las escuelas y comunidades donde buscaron reflexionar acerca de lo que significa el d\u00eda de la Memoria, Verdad y Justicia, se realizara este fin de semana en la plaza San Martin a partir de las 17 horas una feria del libro con la presencia de la Biblioteca de autores Misioneros. El domingo se realizar\u00e1 la vigilia tributo a Esteban Matcoski v\u00edctima de la dictadura.<\/p>\n<p>La feria contar\u00e1 con la presencia de referentes de la literatura, como Ana Barchuk, y el dia domingo ofrecer\u00e1 espect\u00e1culos y un micr\u00f3fono abierto para aquellos interesados en participa se realizar\u00e1 una vigilia hasta las 00:00 hs, en el marco de un nuevo aniversario del d\u00eda de la memoria, la verdad y la justicia.<\/p>\n<p>El programa de la vigilia 23 de marzo prev\u00e9 la apertura a las 20hras con la presencia de Tomasito Gonzales, solo de arpa. Cornelio el retobado, comedia. Cristina Canteros, escritora, Rodolfo Torres, relato po\u00e9tico. tambi\u00e9n estar\u00e1 presente Mirta Moreno, escritora yprofesora de guaran\u00ed.<\/p>\n<p>A las 22horas estar\u00e1 presente el staff de La casa de los mu\u00f1ecos \u00abNostra en democracia\u00bb. Claudia Montecino, comunicadora, narraciones, susurros. El escritor Orlando Chamorro, Jorge R\u00edos, Folklore, El Mariachi Pedro, guitarrista, Ana Barchuk, Biblioteca de Autores Misioneros. Sergio Villalba, sobreviviente de Malvinas. Y Jussara Di Benedetto con un Monologo en Democracia. Finalmente, el lunes 24 de marzo, se realizar\u00e1 el acto a las 10:00 hs de la ma\u00f1ana, en la Plaza San Mart\u00edn.<\/p>\n<p>Esteban Matcoski era docente y escritor, fue victima de la dictadura, falleci\u00f3 a los 80 a\u00f1os, casualmente el dia de la Memoria, Verdad y es por ello que hace varios a\u00f1os se rinde tributo a su honor con la semana mercosure\u00f1a.<\/p>\n","protected":false},"excerpt":{"rendered":"<p>En el marco de la semana mercosure\u00f1a por el d\u00eda de la memoria verdad y<\/p>\n","protected":false},"author":1,"featured_media":50397,"comment_status":"open","ping_status":"open","sticky":false,"template":"","format":"standard","meta":{"footnotes":""},"categories":[1,222,226],"tags":[],"class_list":["post-50394","post","type-post","status-publish","format-standard","has-post-thumbnail","hentry","category-actualidad","category-cultura","category-locales"],"_links":{"self":[{"href":"https:\/\/actualizateiguazu.com\/v3\/wp-json\/wp\/v2\/posts\/50394","targetHints":{"allow":["GET"]}}],"collection":[{"href":"https:\/\/actualizateiguazu.com\/v3\/wp-json\/wp\/v2\/posts"}],"about":[{"href":"https:\/\/actualizateiguazu.com\/v3\/wp-json\/wp\/v2\/types\/post"}],"author":[{"embeddable":true,"href":"https:\/\/actualizateiguazu.com\/v3\/wp-json\/wp\/v2\/users\/1"}],"replies":[{"embeddable":true,"href":"https:\/\/actualizateiguazu.com\/v3\/wp-json\/wp\/v2\/comments?post=50394"}],"version-history":[{"count":2,"href":"https:\/\/actualizateiguazu.com\/v3\/wp-json\/wp\/v2\/posts\/50394\/revisions"}],"predecessor-version":[{"id":50399,"href":"https:\/\/actualizateiguazu.com\/v3\/wp-json\/wp\/v2\/posts\/50394\/revisions\/50399"}],"wp:featuredmedia":[{"embeddable":true,"href":"https:\/\/actualizateiguazu.com\/v3\/wp-json\/wp\/v2\/media\/50397"}],"wp:attachment":[{"href":"https:\/\/actualizateiguazu.com\/v3\/wp-json\/wp\/v2\/media?parent=50394"}],"wp:term":[{"taxonomy":"category","embeddable":true,"href":"https:\/\/actualizateiguazu.com\/v3\/wp-json\/wp\/v2\/categories?post=50394"},{"taxonomy":"post_tag","embeddable":true,"href":"https:\/\/actualizateiguazu.com\/v3\/wp-json\/wp\/v2\/tags?post=50394"}],"curies":[{"name":"wp","href":"https:\/\/api.w.org\/{rel}","templated":true}]}}