{"id":50515,"date":"2025-03-29T16:32:42","date_gmt":"2025-03-29T19:32:42","guid":{"rendered":"https:\/\/actualizateiguazu.com\/v3\/?p=50515"},"modified":"2025-03-29T16:32:42","modified_gmt":"2025-03-29T19:32:42","slug":"narco-brasileno-fue-capturado-por-la-policia-con-cocaina-y-una-moto-robada","status":"publish","type":"post","link":"https:\/\/actualizateiguazu.com\/v3\/2025\/03\/29\/narco-brasileno-fue-capturado-por-la-policia-con-cocaina-y-una-moto-robada\/","title":{"rendered":"Narco brasile\u00f1o fue capturado por la Polic\u00eda con coca\u00edna y una moto robada"},"content":{"rendered":"<p>Esta ma\u00f1ana, en Wanda, efectivos policiales de la Divisi\u00f3n Comando, junto con la Comisar\u00eda local, arrestaron a un hombre de 25 a\u00f1os, quien se encontrar\u00eda pr\u00f3fugo de la Justicia brasile\u00f1a por el delito de comercializaci\u00f3n de estupefacientes y robo de automotor.<\/p>\n<p>La detenci\u00f3n se realiz\u00f3 mientras la Polic\u00eda llevaba a cabo tareas preventivas en la ciudad de Wanda. Cerca de las 5 horas de la ma\u00f1ana, detectaron que un hombre que, al ver a la patrulla, intent\u00f3 irse de la plaza c\u00e9ntrica subiendo a su motocicleta, pero fue r\u00e1pidamente abordado por los agentes.<\/p>\n<p>Ante el requerimiento de los efectivos, el brasile\u00f1o present\u00f3 su documentaci\u00f3n del pa\u00eds vecino y se le solicit\u00f3 que mostrar\u00e1 el contenido de una ri\u00f1onera que pose\u00eda, hallando seis dosis de lo que luego se comprob\u00f3 que era coca\u00edna. Adem\u00e1s, ten\u00eda m\u00e1s de 260 mil pesos que ser\u00edan producto de la venta de la droga il\u00edcita.<\/p>\n<p><img loading=\"lazy\" decoding=\"async\" class=\"alignnone size-full wp-image-50517\" src=\"https:\/\/actualizateiguazu.com\/v3\/wp-content\/uploads\/2025\/03\/IMG-20250329-WA0097.jpg\" alt=\"\" width=\"1200\" height=\"1600\" srcset=\"https:\/\/actualizateiguazu.com\/v3\/wp-content\/uploads\/2025\/03\/IMG-20250329-WA0097.jpg 1200w, https:\/\/actualizateiguazu.com\/v3\/wp-content\/uploads\/2025\/03\/IMG-20250329-WA0097-225x300.jpg 225w, https:\/\/actualizateiguazu.com\/v3\/wp-content\/uploads\/2025\/03\/IMG-20250329-WA0097-768x1024.jpg 768w, https:\/\/actualizateiguazu.com\/v3\/wp-content\/uploads\/2025\/03\/IMG-20250329-WA0097-1152x1536.jpg 1152w, https:\/\/actualizateiguazu.com\/v3\/wp-content\/uploads\/2025\/03\/IMG-20250329-WA0097-450x600.jpg 450w\" sizes=\"auto, (max-width: 1200px) 100vw, 1200px\" \/><\/p>\n<p>Por otra parte, a trav\u00e9s del entrecruzamiento de informaci\u00f3n con las fuerzas de seguridad de Brasil, se determin\u00f3 que la motocicleta de 150 cc en la que se movilizaba era producto de un robo en ese pa\u00eds. Tambi\u00e9n se estableci\u00f3 que el sujeto pose\u00eda antecedentes y era requerido por la justicia.<\/p>\n<p>En el lugar, la Divisi\u00f3n de Drogas Peligrosas de la Unidad Regional V, realiz\u00f3 el test correspondiente a la sustancia, cuyo resultado fue positivo para clorhidrato de coca\u00edna.<\/p>\n<p>Finalmente, el detenido fue trasladado a sede policial a disposici\u00f3n de la Justicia, junto con los elementos secuestrados, entre ellos dos tel\u00e9fonos celulares que ser\u00e1n peritados por especialistas en Cibercrimen.<\/p>\n<p>#policia #misiones #911 #seguridad #compromiso #cuidado #protecci\u00f3n #comunidad #prevencion #dedicacion<\/p>\n","protected":false},"excerpt":{"rendered":"<p>Esta ma\u00f1ana, en Wanda, efectivos policiales de la Divisi\u00f3n Comando, junto con la Comisar\u00eda local,<\/p>\n","protected":false},"author":1,"featured_media":50516,"comment_status":"open","ping_status":"open","sticky":false,"template":"","format":"standard","meta":{"footnotes":""},"categories":[1,228],"tags":[],"class_list":["post-50515","post","type-post","status-publish","format-standard","has-post-thumbnail","hentry","category-actualidad","category-policiales"],"_links":{"self":[{"href":"https:\/\/actualizateiguazu.com\/v3\/wp-json\/wp\/v2\/posts\/50515","targetHints":{"allow":["GET"]}}],"collection":[{"href":"https:\/\/actualizateiguazu.com\/v3\/wp-json\/wp\/v2\/posts"}],"about":[{"href":"https:\/\/actualizateiguazu.com\/v3\/wp-json\/wp\/v2\/types\/post"}],"author":[{"embeddable":true,"href":"https:\/\/actualizateiguazu.com\/v3\/wp-json\/wp\/v2\/users\/1"}],"replies":[{"embeddable":true,"href":"https:\/\/actualizateiguazu.com\/v3\/wp-json\/wp\/v2\/comments?post=50515"}],"version-history":[{"count":1,"href":"https:\/\/actualizateiguazu.com\/v3\/wp-json\/wp\/v2\/posts\/50515\/revisions"}],"predecessor-version":[{"id":50518,"href":"https:\/\/actualizateiguazu.com\/v3\/wp-json\/wp\/v2\/posts\/50515\/revisions\/50518"}],"wp:featuredmedia":[{"embeddable":true,"href":"https:\/\/actualizateiguazu.com\/v3\/wp-json\/wp\/v2\/media\/50516"}],"wp:attachment":[{"href":"https:\/\/actualizateiguazu.com\/v3\/wp-json\/wp\/v2\/media?parent=50515"}],"wp:term":[{"taxonomy":"category","embeddable":true,"href":"https:\/\/actualizateiguazu.com\/v3\/wp-json\/wp\/v2\/categories?post=50515"},{"taxonomy":"post_tag","embeddable":true,"href":"https:\/\/actualizateiguazu.com\/v3\/wp-json\/wp\/v2\/tags?post=50515"}],"curies":[{"name":"wp","href":"https:\/\/api.w.org\/{rel}","templated":true}]}}