{"id":50529,"date":"2025-03-30T12:57:29","date_gmt":"2025-03-30T15:57:29","guid":{"rendered":"https:\/\/actualizateiguazu.com\/v3\/?p=50529"},"modified":"2025-03-30T12:57:29","modified_gmt":"2025-03-30T15:57:29","slug":"dos-muertos-y-herido-grave-tras-un-siniestro-vial-en-wanda","status":"publish","type":"post","link":"https:\/\/actualizateiguazu.com\/v3\/2025\/03\/30\/dos-muertos-y-herido-grave-tras-un-siniestro-vial-en-wanda\/","title":{"rendered":"Dos muertos y herido grave tras un siniestro vial en Wanda"},"content":{"rendered":"<p>Un siniestro vial ocurrido en la madrugada del domingo dej\u00f3 como saldo dos personas fallecidas y un conductor gravemente herido. La Polic\u00eda investiga las circunstancias del accidente.<\/p>\n<p>En la madrugada, alrededor de las 02:00 horas, se produjo una colisi\u00f3n en la Ruta Nacional 12, a la altura del kil\u00f3metro 1590. Al llegar al lugar, la Polic\u00eda encontr\u00f3 un Fiat Duna, en el que viajaban dos ocupantes, quienes lamentablemente ya no presentaban signos vitales. Las v\u00edctimas fueron identificadas como Hugo Francisco Rodr\u00edguez 55 a\u00f1os y Mirian Ester Vallejos de 46 a\u00f1os<\/p>\n<p><img loading=\"lazy\" decoding=\"async\" class=\"alignnone size-full wp-image-50525\" src=\"https:\/\/actualizateiguazu.com\/v3\/wp-content\/uploads\/2025\/03\/487117787_1726397927970403_9038790007312455956_n.jpg\" alt=\"\" width=\"913\" height=\"675\" srcset=\"https:\/\/actualizateiguazu.com\/v3\/wp-content\/uploads\/2025\/03\/487117787_1726397927970403_9038790007312455956_n.jpg 913w, https:\/\/actualizateiguazu.com\/v3\/wp-content\/uploads\/2025\/03\/487117787_1726397927970403_9038790007312455956_n-300x222.jpg 300w, https:\/\/actualizateiguazu.com\/v3\/wp-content\/uploads\/2025\/03\/487117787_1726397927970403_9038790007312455956_n-768x568.jpg 768w\" sizes=\"auto, (max-width: 913px) 100vw, 913px\" \/><\/p>\n<p>A pocos metros del veh\u00edculo siniestrado, se hallaba una Volkswagen Amarok, conducida por Claudio Javier A. Este \u00faltimo fue trasladado de urgencia al nosocomio local debido a las lesiones de car\u00e1cter grav\u00edsimas que sufri\u00f3 en el choque.<\/p>\n<p>La Polic\u00eda, con su gabinete de peritos de la Divisi\u00f3n de Cient\u00edfica, vial, m\u00e9dico y bioqu\u00edmico, trabajaron en el lugar.<\/p>\n","protected":false},"excerpt":{"rendered":"<p>Un siniestro vial ocurrido en la madrugada del domingo dej\u00f3 como saldo dos personas fallecidas<\/p>\n","protected":false},"author":1,"featured_media":50526,"comment_status":"open","ping_status":"open","sticky":false,"template":"","format":"standard","meta":{"footnotes":""},"categories":[1,228],"tags":[],"class_list":["post-50529","post","type-post","status-publish","format-standard","has-post-thumbnail","hentry","category-actualidad","category-policiales"],"_links":{"self":[{"href":"https:\/\/actualizateiguazu.com\/v3\/wp-json\/wp\/v2\/posts\/50529","targetHints":{"allow":["GET"]}}],"collection":[{"href":"https:\/\/actualizateiguazu.com\/v3\/wp-json\/wp\/v2\/posts"}],"about":[{"href":"https:\/\/actualizateiguazu.com\/v3\/wp-json\/wp\/v2\/types\/post"}],"author":[{"embeddable":true,"href":"https:\/\/actualizateiguazu.com\/v3\/wp-json\/wp\/v2\/users\/1"}],"replies":[{"embeddable":true,"href":"https:\/\/actualizateiguazu.com\/v3\/wp-json\/wp\/v2\/comments?post=50529"}],"version-history":[{"count":1,"href":"https:\/\/actualizateiguazu.com\/v3\/wp-json\/wp\/v2\/posts\/50529\/revisions"}],"predecessor-version":[{"id":50530,"href":"https:\/\/actualizateiguazu.com\/v3\/wp-json\/wp\/v2\/posts\/50529\/revisions\/50530"}],"wp:featuredmedia":[{"embeddable":true,"href":"https:\/\/actualizateiguazu.com\/v3\/wp-json\/wp\/v2\/media\/50526"}],"wp:attachment":[{"href":"https:\/\/actualizateiguazu.com\/v3\/wp-json\/wp\/v2\/media?parent=50529"}],"wp:term":[{"taxonomy":"category","embeddable":true,"href":"https:\/\/actualizateiguazu.com\/v3\/wp-json\/wp\/v2\/categories?post=50529"},{"taxonomy":"post_tag","embeddable":true,"href":"https:\/\/actualizateiguazu.com\/v3\/wp-json\/wp\/v2\/tags?post=50529"}],"curies":[{"name":"wp","href":"https:\/\/api.w.org\/{rel}","templated":true}]}}