{"id":50868,"date":"2025-04-21T23:06:51","date_gmt":"2025-04-22T02:06:51","guid":{"rendered":"https:\/\/actualizateiguazu.com\/v3\/?p=50868"},"modified":"2025-04-21T23:06:51","modified_gmt":"2025-04-22T02:06:51","slug":"la-diocesis-de-iguazu-pidio-por-el-eterno-descanso-del-papa-francisco","status":"publish","type":"post","link":"https:\/\/actualizateiguazu.com\/v3\/2025\/04\/21\/la-diocesis-de-iguazu-pidio-por-el-eterno-descanso-del-papa-francisco\/","title":{"rendered":"La Di\u00f3cesis de Iguaz\u00fa pidi\u00f3 por el eterno descanso del Papa Francisco"},"content":{"rendered":"<p>La Santa Misa en sufragio por el alma del Santo Padre, por el eterno descanso del Papa Francisco se realiz\u00f3 esta noche la Parroquia Catedral Virgen del Carmen.<\/p>\n<p>La triste noticia del fallecimiento Jorge Bergoglio, Para Francisco conmocion\u00f3 a toda la comunidad cat\u00f3lica que lamenta la p\u00e9rdida de un ser humano que dejo huellas y por sobre todas las cosas impuls\u00f3 a los j\u00f3venes a seguir los valores cristianos y los exhorto a \u201chacer lio\u201d en pos del m\u00e1s necesitado. Es por ello, por tantas ense\u00f1anzas que este lunes a las 20 horas la comunidad cristiana se uni\u00f3 en oraci\u00f3n para pedir por su descanso eterno en la Parroquia Catedral Virgen del Carmen.<\/p>\n<p><img loading=\"lazy\" decoding=\"async\" class=\"alignnone size-full wp-image-50871\" src=\"https:\/\/actualizateiguazu.com\/v3\/wp-content\/uploads\/2025\/04\/IMG_20250421_202128-scaled.jpg\" alt=\"\" width=\"2560\" height=\"1928\" srcset=\"https:\/\/actualizateiguazu.com\/v3\/wp-content\/uploads\/2025\/04\/IMG_20250421_202128-scaled.jpg 2560w, https:\/\/actualizateiguazu.com\/v3\/wp-content\/uploads\/2025\/04\/IMG_20250421_202128-300x226.jpg 300w, https:\/\/actualizateiguazu.com\/v3\/wp-content\/uploads\/2025\/04\/IMG_20250421_202128-1024x771.jpg 1024w, https:\/\/actualizateiguazu.com\/v3\/wp-content\/uploads\/2025\/04\/IMG_20250421_202128-768x578.jpg 768w, https:\/\/actualizateiguazu.com\/v3\/wp-content\/uploads\/2025\/04\/IMG_20250421_202128-1536x1157.jpg 1536w, https:\/\/actualizateiguazu.com\/v3\/wp-content\/uploads\/2025\/04\/IMG_20250421_202128-2048x1542.jpg 2048w\" sizes=\"auto, (max-width: 2560px) 100vw, 2560px\" \/><\/p>\n<p>La misa donde los fieles se congregaron para escuchar la palabra y compartir la eucarist\u00eda, ten\u00eda un objetivo especial pedir a Dios todopoderoso por el eterno descanso. La misa fue oficiada por el Obispo de la Di\u00f3cesis de Iguaz\u00fa Monse\u00f1or Nicolas Baisi quien destac\u00f3 que el Santo Papa sirvi\u00f3 hasta el fin \u201cPodr\u00eda haberse guardado un poco mas para vivir m\u00e1s, pero el conoc\u00eda sobre la vida eterna y sirvi\u00f3 a Dios hasta el fin\u201d<\/p>\n<p>El Obispo Monse\u00f1or Nicolas Baisi, anim\u00f3 a toda la comunidad cat\u00f3lica a rogar por el eterno descanso del Papa Francisco y unirse en oraci\u00f3n. Record\u00f3 el motivo personal por el cual esta agradecido con la persona del sumo pont\u00edfice \u201cfue el Papa Francisco quien me design\u00f3 en el a\u00f1o 2020 como obispo de la Di\u00f3cesis de Puerto Iguaz\u00fa en reemplazo del obispo em\u00e9rito Marcelo Martorell. Por eso le soy personalmente agradecido\u201d<\/p>\n<p><img loading=\"lazy\" decoding=\"async\" class=\"alignnone size-full wp-image-50870\" src=\"https:\/\/actualizateiguazu.com\/v3\/wp-content\/uploads\/2025\/04\/IMG_20250421_202014-scaled.jpg\" alt=\"\" width=\"2560\" height=\"1928\" srcset=\"https:\/\/actualizateiguazu.com\/v3\/wp-content\/uploads\/2025\/04\/IMG_20250421_202014-scaled.jpg 2560w, https:\/\/actualizateiguazu.com\/v3\/wp-content\/uploads\/2025\/04\/IMG_20250421_202014-300x226.jpg 300w, https:\/\/actualizateiguazu.com\/v3\/wp-content\/uploads\/2025\/04\/IMG_20250421_202014-1024x771.jpg 1024w, https:\/\/actualizateiguazu.com\/v3\/wp-content\/uploads\/2025\/04\/IMG_20250421_202014-768x578.jpg 768w, https:\/\/actualizateiguazu.com\/v3\/wp-content\/uploads\/2025\/04\/IMG_20250421_202014-1536x1157.jpg 1536w, https:\/\/actualizateiguazu.com\/v3\/wp-content\/uploads\/2025\/04\/IMG_20250421_202014-2048x1542.jpg 2048w\" sizes=\"auto, (max-width: 2560px) 100vw, 2560px\" \/><\/p>\n<p>Baisi pidi\u00f3 a toda la comunidad que pida a Dios por el eterno descanso de Francisco, tambi\u00e9n demand\u00f3 oraci\u00f3n por toda la comunidad Cat\u00f3lica que en este momento se siente desamparada y por lo que va a venir.<\/p>\n","protected":false},"excerpt":{"rendered":"<p>La Santa Misa en sufragio por el alma del Santo Padre, por el eterno descanso<\/p>\n","protected":false},"author":1,"featured_media":50869,"comment_status":"closed","ping_status":"open","sticky":false,"template":"","format":"standard","meta":{"footnotes":""},"categories":[1,226],"tags":[],"class_list":["post-50868","post","type-post","status-publish","format-standard","has-post-thumbnail","hentry","category-actualidad","category-locales"],"_links":{"self":[{"href":"https:\/\/actualizateiguazu.com\/v3\/wp-json\/wp\/v2\/posts\/50868","targetHints":{"allow":["GET"]}}],"collection":[{"href":"https:\/\/actualizateiguazu.com\/v3\/wp-json\/wp\/v2\/posts"}],"about":[{"href":"https:\/\/actualizateiguazu.com\/v3\/wp-json\/wp\/v2\/types\/post"}],"author":[{"embeddable":true,"href":"https:\/\/actualizateiguazu.com\/v3\/wp-json\/wp\/v2\/users\/1"}],"replies":[{"embeddable":true,"href":"https:\/\/actualizateiguazu.com\/v3\/wp-json\/wp\/v2\/comments?post=50868"}],"version-history":[{"count":1,"href":"https:\/\/actualizateiguazu.com\/v3\/wp-json\/wp\/v2\/posts\/50868\/revisions"}],"predecessor-version":[{"id":50872,"href":"https:\/\/actualizateiguazu.com\/v3\/wp-json\/wp\/v2\/posts\/50868\/revisions\/50872"}],"wp:featuredmedia":[{"embeddable":true,"href":"https:\/\/actualizateiguazu.com\/v3\/wp-json\/wp\/v2\/media\/50869"}],"wp:attachment":[{"href":"https:\/\/actualizateiguazu.com\/v3\/wp-json\/wp\/v2\/media?parent=50868"}],"wp:term":[{"taxonomy":"category","embeddable":true,"href":"https:\/\/actualizateiguazu.com\/v3\/wp-json\/wp\/v2\/categories?post=50868"},{"taxonomy":"post_tag","embeddable":true,"href":"https:\/\/actualizateiguazu.com\/v3\/wp-json\/wp\/v2\/tags?post=50868"}],"curies":[{"name":"wp","href":"https:\/\/api.w.org\/{rel}","templated":true}]}}