{"id":50880,"date":"2025-04-22T14:40:48","date_gmt":"2025-04-22T17:40:48","guid":{"rendered":"https:\/\/actualizateiguazu.com\/v3\/?p=50880"},"modified":"2025-04-22T14:40:48","modified_gmt":"2025-04-22T17:40:48","slug":"iguazu-se-consagro-ganador-del-festival-de-cine-abril-claquete","status":"publish","type":"post","link":"https:\/\/actualizateiguazu.com\/v3\/2025\/04\/22\/iguazu-se-consagro-ganador-del-festival-de-cine-abril-claquete\/","title":{"rendered":"Iguaz\u00fa se consagr\u00f3 ganador del festival de cine \u201cAbril Claquete\u201d"},"content":{"rendered":"<p>El festival se desarroll\u00f3 desde el 17 al 21 de abril en Foz do Iguaz\u00fa, cada equipo tuvo 4 d\u00edas para desarrollar un cortometraje, desde el guion hasta la edici\u00f3n. El equipo de Iguaz\u00fa se llev\u00f3 el primer puesto en la categor\u00eda profesional.<\/p>\n<p>Abril Claquete es un festival de cine de vanguardia donde tras la entrega de una tem\u00e1tica por parte de la organizaci\u00f3n a los equipos de producci\u00f3n, estos tienen hasta 84 horas para producir una pel\u00edcula de 4 minutos. Esta fue la tercera edici\u00f3n del festival y se desarroll\u00f3 del 17 al 21 de abril de 2025. El \u00faltimo d\u00eda se produjo la proyecci\u00f3n de las pel\u00edculas y entrega de premios en Foz do Igua\u00e7\u00fa. Tras d\u00edas intensos el equipo de Iguaz\u00fa bajo la direcci\u00f3n de Gonzalo Gim\u00e9nez recibi\u00f3 el premio mayor en la categor\u00eda profesional.<\/p>\n<p><img loading=\"lazy\" decoding=\"async\" class=\"alignnone size-full wp-image-50884\" src=\"https:\/\/actualizateiguazu.com\/v3\/wp-content\/uploads\/2025\/04\/WhatsApp-Image-2025-04-22-at-13.09.27-2-scaled.jpeg\" alt=\"\" width=\"1920\" height=\"2560\" srcset=\"https:\/\/actualizateiguazu.com\/v3\/wp-content\/uploads\/2025\/04\/WhatsApp-Image-2025-04-22-at-13.09.27-2-scaled.jpeg 1920w, https:\/\/actualizateiguazu.com\/v3\/wp-content\/uploads\/2025\/04\/WhatsApp-Image-2025-04-22-at-13.09.27-2-225x300.jpeg 225w, https:\/\/actualizateiguazu.com\/v3\/wp-content\/uploads\/2025\/04\/WhatsApp-Image-2025-04-22-at-13.09.27-2-768x1024.jpeg 768w, https:\/\/actualizateiguazu.com\/v3\/wp-content\/uploads\/2025\/04\/WhatsApp-Image-2025-04-22-at-13.09.27-2-1152x1536.jpeg 1152w, https:\/\/actualizateiguazu.com\/v3\/wp-content\/uploads\/2025\/04\/WhatsApp-Image-2025-04-22-at-13.09.27-2-1536x2048.jpeg 1536w, https:\/\/actualizateiguazu.com\/v3\/wp-content\/uploads\/2025\/04\/WhatsApp-Image-2025-04-22-at-13.09.27-2-450x600.jpeg 450w\" sizes=\"auto, (max-width: 1920px) 100vw, 1920px\" \/><\/p>\n<p>El evento estaba dirigido a equipos de cualquier parte de las provincias de los pa\u00edses que forman la triple frontera entre Brasil (Paran\u00e1), Argentina (Misiones) y Paraguay (Alto Paran\u00e1), el festival ofrec\u00eda la posibilidad de inscribirse de forma individual o con un equipo. En el caso del equipo de Iguaz\u00fa, se inscribieron de forma individual y conforme iban ingresando conformaron el equipo ya dentro del Festival.<\/p>\n<p>Gonzalo Gim\u00e9nez director del corto en dialogo con este medio cont\u00f3 que conformaron un gran equipo y trabajaron de forma intensa para lograr un gran resultado. \u201cYo me inscrib\u00ed solo, ah\u00ed conoc\u00ed a Yanina Davalos, tambi\u00e9n de Iguaz\u00fa, que es asistente de producci\u00f3n y as\u00ed se fue conformando el equipo\u201d<\/p>\n<p>El festival cont\u00f3 con apertura y cierre, en la primera instancia los equipos recibieron la tem\u00e1tica y consigna para el desarrollo del corto. Tras 4 d\u00edas volvieron a presentarse para la exhibici\u00f3n de los trabajos desarrollados. \u201cNuestro tema fue \u201cperdida de memoria\u201d y la consigan era que durante la trama el actor principal busque recuperar esa memoria. Desarrollamos el guion, tuvimos varias discusiones hasta lograr terminar y comenzamos a filmar, hubo d\u00edas que lo hicimos a las 5.30 de la ma\u00f1ana porque justo era Semana Santa y hab\u00eda otras actividades\u201d<\/p>\n<p><img loading=\"lazy\" decoding=\"async\" class=\"alignnone size-full wp-image-50882\" src=\"https:\/\/actualizateiguazu.com\/v3\/wp-content\/uploads\/2025\/04\/WhatsApp-Image-2025-04-22-at-13.09.26-1-scaled.jpeg\" alt=\"\" width=\"1920\" height=\"2560\" srcset=\"https:\/\/actualizateiguazu.com\/v3\/wp-content\/uploads\/2025\/04\/WhatsApp-Image-2025-04-22-at-13.09.26-1-scaled.jpeg 1920w, https:\/\/actualizateiguazu.com\/v3\/wp-content\/uploads\/2025\/04\/WhatsApp-Image-2025-04-22-at-13.09.26-1-225x300.jpeg 225w, https:\/\/actualizateiguazu.com\/v3\/wp-content\/uploads\/2025\/04\/WhatsApp-Image-2025-04-22-at-13.09.26-1-768x1024.jpeg 768w, https:\/\/actualizateiguazu.com\/v3\/wp-content\/uploads\/2025\/04\/WhatsApp-Image-2025-04-22-at-13.09.26-1-1152x1536.jpeg 1152w, https:\/\/actualizateiguazu.com\/v3\/wp-content\/uploads\/2025\/04\/WhatsApp-Image-2025-04-22-at-13.09.26-1-1536x2048.jpeg 1536w, https:\/\/actualizateiguazu.com\/v3\/wp-content\/uploads\/2025\/04\/WhatsApp-Image-2025-04-22-at-13.09.26-1-450x600.jpeg 450w\" sizes=\"auto, (max-width: 1920px) 100vw, 1920px\" \/><\/p>\n<p>El corto cuenta la historia de un hombre que est\u00e1 perdido en el monte y por momentos recuerda su hogar con una mujer, se desarrolla en \u00e9poca de la dictadura. \u201cFilmamos en la Caba\u00f1a de los Mu\u00f1ecos y en la Casa de Angelica Goezte viuda de Reinoso que nos facilito elementos de la \u00e9poca como un tel\u00e9fono antiguo y la casa est\u00e1 ambientada a la d\u00e9cada del 70. Sinceramente Angelica un grosa, nos ayudo un mont\u00f3n\u201d remarc\u00f3 Gim\u00e9nez<\/p>\n<p>\u201cTrabajamos much\u00edsimo, fue un gran desaf\u00edo para el equipo, lo disfrut\u00e9 much\u00edsimo y no pens\u00e9 que fu\u00e9ramos a ganar por el nivel de todos los equipos, sin embargo, logramos el primer puesto. Muy felices\u201d remat\u00f3. Pr\u00f3ximamente el corto estar\u00e1 disponible para la reproducci\u00f3n en diferentes plataformas.<\/p>\n<p><img loading=\"lazy\" decoding=\"async\" class=\"alignnone size-full wp-image-50883\" src=\"https:\/\/actualizateiguazu.com\/v3\/wp-content\/uploads\/2025\/04\/WhatsApp-Image-2025-04-22-at-13.09.26-scaled.jpeg\" alt=\"\" width=\"1920\" height=\"2560\" srcset=\"https:\/\/actualizateiguazu.com\/v3\/wp-content\/uploads\/2025\/04\/WhatsApp-Image-2025-04-22-at-13.09.26-scaled.jpeg 1920w, https:\/\/actualizateiguazu.com\/v3\/wp-content\/uploads\/2025\/04\/WhatsApp-Image-2025-04-22-at-13.09.26-225x300.jpeg 225w, https:\/\/actualizateiguazu.com\/v3\/wp-content\/uploads\/2025\/04\/WhatsApp-Image-2025-04-22-at-13.09.26-768x1024.jpeg 768w, https:\/\/actualizateiguazu.com\/v3\/wp-content\/uploads\/2025\/04\/WhatsApp-Image-2025-04-22-at-13.09.26-1152x1536.jpeg 1152w, https:\/\/actualizateiguazu.com\/v3\/wp-content\/uploads\/2025\/04\/WhatsApp-Image-2025-04-22-at-13.09.26-1536x2048.jpeg 1536w, https:\/\/actualizateiguazu.com\/v3\/wp-content\/uploads\/2025\/04\/WhatsApp-Image-2025-04-22-at-13.09.26-450x600.jpeg 450w\" sizes=\"auto, (max-width: 1920px) 100vw, 1920px\" \/><\/p>\n<p>Trabajaron en el cortometraje: Elenco Lautaro Rojas y Bianca Wagner, Guion: Gonzalo Gim\u00e9nez, Yanina D\u00e1valos, Direcci\u00f3n: Gonzalo Gim\u00e9nez, Asistente de direcci\u00f3n: Yanina D\u00e1valos, Producci\u00f3n y direcci\u00f3n de arte: Malena Reynoso, Asistente de Producci\u00f3n: Tamira Barraza, Fernando Lazzarini, DF: Mat\u00edas Werd, C\u00e1mara: Mat\u00edas Werd, Sonido: Fernando Paul Wheden, Dise\u00f1o Sonoro: Mat\u00edas Werd, Foto Fija: Leonardo Macedo, Catering: Gaby Chipas, Javier Okseniuk, Montaje: Yanina D\u00e1valos, Gonzalo Gim\u00e9nez. Agradecimientos: Familia Reynoso, La Caba\u00f1a de los Mu\u00f1ecos, Gaby Chipas<\/p>\n","protected":false},"excerpt":{"rendered":"<p>El festival se desarroll\u00f3 desde el 17 al 21 de abril en Foz do Iguaz\u00fa,<\/p>\n","protected":false},"author":1,"featured_media":50881,"comment_status":"closed","ping_status":"open","sticky":false,"template":"","format":"standard","meta":{"footnotes":""},"categories":[1,222,226],"tags":[],"class_list":["post-50880","post","type-post","status-publish","format-standard","has-post-thumbnail","hentry","category-actualidad","category-cultura","category-locales"],"_links":{"self":[{"href":"https:\/\/actualizateiguazu.com\/v3\/wp-json\/wp\/v2\/posts\/50880","targetHints":{"allow":["GET"]}}],"collection":[{"href":"https:\/\/actualizateiguazu.com\/v3\/wp-json\/wp\/v2\/posts"}],"about":[{"href":"https:\/\/actualizateiguazu.com\/v3\/wp-json\/wp\/v2\/types\/post"}],"author":[{"embeddable":true,"href":"https:\/\/actualizateiguazu.com\/v3\/wp-json\/wp\/v2\/users\/1"}],"replies":[{"embeddable":true,"href":"https:\/\/actualizateiguazu.com\/v3\/wp-json\/wp\/v2\/comments?post=50880"}],"version-history":[{"count":1,"href":"https:\/\/actualizateiguazu.com\/v3\/wp-json\/wp\/v2\/posts\/50880\/revisions"}],"predecessor-version":[{"id":50885,"href":"https:\/\/actualizateiguazu.com\/v3\/wp-json\/wp\/v2\/posts\/50880\/revisions\/50885"}],"wp:featuredmedia":[{"embeddable":true,"href":"https:\/\/actualizateiguazu.com\/v3\/wp-json\/wp\/v2\/media\/50881"}],"wp:attachment":[{"href":"https:\/\/actualizateiguazu.com\/v3\/wp-json\/wp\/v2\/media?parent=50880"}],"wp:term":[{"taxonomy":"category","embeddable":true,"href":"https:\/\/actualizateiguazu.com\/v3\/wp-json\/wp\/v2\/categories?post=50880"},{"taxonomy":"post_tag","embeddable":true,"href":"https:\/\/actualizateiguazu.com\/v3\/wp-json\/wp\/v2\/tags?post=50880"}],"curies":[{"name":"wp","href":"https:\/\/api.w.org\/{rel}","templated":true}]}}