{"id":51101,"date":"2025-05-07T11:30:28","date_gmt":"2025-05-07T14:30:28","guid":{"rendered":"https:\/\/actualizateiguazu.com\/v3\/?p=51101"},"modified":"2025-05-07T11:30:28","modified_gmt":"2025-05-07T14:30:28","slug":"renuncio-el-oncologo-a-cargo-del-instituto-misionero-del-cancer-denuncio-falta-de-pagos-a-medicos-y-desidia-del-titular-del-parque-de-la-salud","status":"publish","type":"post","link":"https:\/\/actualizateiguazu.com\/v3\/2025\/05\/07\/renuncio-el-oncologo-a-cargo-del-instituto-misionero-del-cancer-denuncio-falta-de-pagos-a-medicos-y-desidia-del-titular-del-parque-de-la-salud\/","title":{"rendered":"Renunci\u00f3 el onc\u00f3logo a cargo del Instituto Misionero del C\u00e1ncer, denunci\u00f3 falta de pagos a m\u00e9dicos y desidia del titular del Parque de la Salud"},"content":{"rendered":"<p>El doctor \u00c1ngel D\u2019Annunzio present\u00f3 su dimisi\u00f3n por medio de una carta a Daniel Hassan, el pasado 30 de abril. En la misiva, el m\u00e9dico revel\u00f3 haber solicitado una reuni\u00f3n con la c\u00fapula de la fundaci\u00f3n, en 16 oportunidades, desde junio del a\u00f1o pasado, pero no hubo respuestas.<\/p>\n<p>Una renuncia conmovi\u00f3 al Instituto Misionero del C\u00e1ncer, en el marco de una serie de falencias de gesti\u00f3n y falta de pago al personal: el titular del organismo, Dr. \u00c1ngel D\u2019Annunzio present\u00f3 su dimisi\u00f3n al presidente de la fundaci\u00f3n Parque de la Salud, Daniel Hassan, el pasado 30 de abril.<\/p>\n<p>El titular de la fundaci\u00f3n que maneja un presupuesto de $239.467.810.000 en el a\u00f1o en curso, acept\u00f3 la renuncia de D\u2019Annunzio. Se trata de un m\u00e9dico con m\u00e1s de 15 a\u00f1os de carrera en el Hospital Madariaga de Posadas.<\/p>\n<p>Uno de los puntos salientes del reclamo de D\u2019Annunzio, tiene que ver con una discriminaci\u00f3n salarial que se estar\u00eda consumando en el IMC: los onc\u00f3logos no estar\u00edan cobrando los adicionales por su especialidad y por productividad, que s\u00ed perciben cardi\u00f3logos, hemat\u00f3logo, cl\u00ednicos, traumat\u00f3logos, anestesi\u00f3logos, y otras especialidades.<\/p>\n<p>El m\u00e9dico alude a esta deuda salarial, cuestionando negativa de Hassan a mantener una reuni\u00f3n \u201cpara poder llegar a un acuerdo sobre la producci\u00f3n que antes se abonaba y actualmente (\u2026), han dejado de cobrar\u201d, el personal del Instituto del C\u00e1ncer.<\/p>\n<p>\u201cLa causa que me motiva esta decisi\u00f3n es la falta de su respuesta a mis reiteradas solicitudes de reuni\u00f3n con usted (16 ocasiones) desde junio del a\u00f1o 2024 hasta mayo del corriente a\u00f1o, sin respuesta a los mensajes\u201d, sostiene la nota de renuncia del titular del IMC, presentada ante Hassan, hace una semana.<\/p>\n<p>De acuerdo con el m\u00e9dico, la falta de una reuni\u00f3n con las autoridades del parque de la salud, provoca un c\u00famulo \u201cde situaciones sin resolver que entorpecen el crecimiento y funcionamiento del Instituto.\u201d<\/p>\n<p>D\u2019Anunzio advirti\u00f3 tambi\u00e9n en la misiva, que hasta ese 30 de abril, no hab\u00eda recibido \u201corden sobre c\u00f3mo y qui\u00e9n va a organizar el \u00e1rea nueva de PET\/TC (NdR, se refiere al tom\u00f3grafo por emisi\u00f3n de positrones) en lo que se refiere al personal administrativo, t\u00e9cnicos, recupero, circuitos internos, soporte t\u00e9cnico, turnera, reemplazo de vacaciones\u201d. Y en \u201clo que refiere al mantenimiento edilicio, no he tenido ninguna reuni\u00f3n al respecto\u201d, aclar\u00f3 el m\u00e9dico renunciante.<\/p>\n<p>En un tramo saliente de la carta, el m\u00e9dico insiste en que las negativas de Hassan a mantener una reuni\u00f3n para discutir la gesti\u00f3n del IMC, es la \u00fanica raz\u00f3n de su renuncia. \u201cLas situaciones acumuladas que provocan problemas, son variadas y nos afectan en el d\u00eda a d\u00eda por falta de resoluci\u00f3n a la toma de decisiones por parte de usted. No existe otra causa que justifique mi decisi\u00f3n\u201d, manifest\u00f3 D\u2019Anunzio en la misiva.<\/p>\n<p>\u201cLamento esta situaci\u00f3n\u201d, insisti\u00f3 el m\u00e9dico, manifestando que \u201cla falta de respuesta de usted (Hassan) ante m\u00faltiples pedidos de reuniones, sin respuesta (\u2026) produce un atraso y problemas diarios que no se pueden resolver, recargando las energ\u00edas de todo el grupo.\u201d<\/p>\n<p>Pese a que renuncia a la gesti\u00f3n del IMC, D\u2019Annunzio sostuvo al presidente del Parque de la Salud, que, \u201csi as\u00ed lo desea\u201d, continuar\u00e1 \u201cparticipando como m\u00e9dico onc\u00f3logo asistencial, sin ninguna injerencia en lo que respecta a la gesti\u00f3n.\u201d<\/p>\n<p>\u201cLamento esta situaci\u00f3n despu\u00e9s de 7 a\u00f1os de crecimiento continuo, su falta de apoyo me obliga a tomar esta decisi\u00f3n\u201d, reiter\u00f3 el m\u00e9dico en la misiva.<\/p>\n<p>Asimismo, el onc\u00f3logo que presid\u00eda el Instituto Misionero del C\u00e1ncer detall\u00f3 todas las tareas que cumpl\u00eda y que \u201cdeber\u00e1n tener un reemplazo\u201d, con su salida.<\/p>\n<p>Entre las m\u00faltiples funciones que cumpl\u00eda D\u2019Annunzio, las cuales pueden leerse al final de este art\u00edculo, se destacan: la auditor\u00eda de todas las recetas oncol\u00f3gicas; la gesti\u00f3n de todo el recurso humano del IMC, 63 personas para su correcto funcionamiento; la coordinaci\u00f3n del funcionamiento de la red de mamograf\u00eda provincial; la implementaci\u00f3n de herramientas de la aplicaci\u00f3n AlegraMed en el IMC y para la poblaci\u00f3n general; y la coordinaci\u00f3n del Registro de base de datos de IMC desde hace 10 a\u00f1os con m\u00e1s de 10.000 pacientes registrados.<\/p>\n<p>La eyecci\u00f3n de D\u2019Annunzio como titular del IMC, contrasta notablemente con la adquisici\u00f3n del nuevo tom\u00f3grafo por emisi\u00f3n de positrones, para el cual, seg\u00fan el m\u00e9dico, a\u00fan no se brind\u00f3 instrucciones sobre el manejo del personal vinculado al nuevo equipo.<\/p>\n<p>Este lunes 5 de mayo, el gobierno provincial inform\u00f3 que el IMC adquiri\u00f3 el tom\u00f3grafo (PET\/TC), \u201cuna tecnolog\u00eda avanzada que facilita la detecci\u00f3n de c\u00e9lulas cancer\u00edgenas. Este avance permitir\u00e1 a los pacientes de la provincia acceder al estudio sin necesidad de desplazarse a otras regiones. Actualmente, se est\u00e1n llevando a cabo las tareas de montaje y los procedimientos necesarios para su habilitaci\u00f3n\u201d, informaron las autoridades provinciales.<\/p>\n<p>Fuente AgenciaHoy<\/p>\n","protected":false},"excerpt":{"rendered":"<p>El doctor \u00c1ngel D\u2019Annunzio present\u00f3 su dimisi\u00f3n por medio de una carta a Daniel Hassan,<\/p>\n","protected":false},"author":1,"featured_media":51102,"comment_status":"closed","ping_status":"open","sticky":false,"template":"","format":"standard","meta":{"footnotes":""},"categories":[1,229,231],"tags":[],"class_list":["post-51101","post","type-post","status-publish","format-standard","has-post-thumbnail","hentry","category-actualidad","category-provinciales","category-salud"],"_links":{"self":[{"href":"https:\/\/actualizateiguazu.com\/v3\/wp-json\/wp\/v2\/posts\/51101","targetHints":{"allow":["GET"]}}],"collection":[{"href":"https:\/\/actualizateiguazu.com\/v3\/wp-json\/wp\/v2\/posts"}],"about":[{"href":"https:\/\/actualizateiguazu.com\/v3\/wp-json\/wp\/v2\/types\/post"}],"author":[{"embeddable":true,"href":"https:\/\/actualizateiguazu.com\/v3\/wp-json\/wp\/v2\/users\/1"}],"replies":[{"embeddable":true,"href":"https:\/\/actualizateiguazu.com\/v3\/wp-json\/wp\/v2\/comments?post=51101"}],"version-history":[{"count":1,"href":"https:\/\/actualizateiguazu.com\/v3\/wp-json\/wp\/v2\/posts\/51101\/revisions"}],"predecessor-version":[{"id":51103,"href":"https:\/\/actualizateiguazu.com\/v3\/wp-json\/wp\/v2\/posts\/51101\/revisions\/51103"}],"wp:featuredmedia":[{"embeddable":true,"href":"https:\/\/actualizateiguazu.com\/v3\/wp-json\/wp\/v2\/media\/51102"}],"wp:attachment":[{"href":"https:\/\/actualizateiguazu.com\/v3\/wp-json\/wp\/v2\/media?parent=51101"}],"wp:term":[{"taxonomy":"category","embeddable":true,"href":"https:\/\/actualizateiguazu.com\/v3\/wp-json\/wp\/v2\/categories?post=51101"},{"taxonomy":"post_tag","embeddable":true,"href":"https:\/\/actualizateiguazu.com\/v3\/wp-json\/wp\/v2\/tags?post=51101"}],"curies":[{"name":"wp","href":"https:\/\/api.w.org\/{rel}","templated":true}]}}