{"id":51137,"date":"2025-05-09T12:41:25","date_gmt":"2025-05-09T15:41:25","guid":{"rendered":"https:\/\/actualizateiguazu.com\/v3\/?p=51137"},"modified":"2025-05-09T12:42:03","modified_gmt":"2025-05-09T15:42:03","slug":"frente-unidos-por-el-futuro-presento-sus-candidatos-en-iguazu","status":"publish","type":"post","link":"https:\/\/actualizateiguazu.com\/v3\/2025\/05\/09\/frente-unidos-por-el-futuro-presento-sus-candidatos-en-iguazu\/","title":{"rendered":"Frente Unidos por el futuro present\u00f3 sus candidatos en Iguaz\u00fa"},"content":{"rendered":"<p>Estuvo presente el Senador nacional misionero que voto a favor de Ficha limpia Martin Goerling, el candidato a diputado provincial Santiago Koch y todo el equipo. Remarcaron que son la oposici\u00f3n que no se vende.<\/p>\n<p>En un sencillo acto el Frente por el futuro presento sus candidatos locales y provinciales que competir\u00e1n por una banda en las pr\u00f3ximas elecciones del 8 de junio, se trata de un equipo consolidado que hace varios a\u00f1os trabaja en post de la comunidad, buscando llevar la voz del pueblo que esta desconforme con las pol\u00edticas publicas que se aplican a nivel local y provincial sin control y sin explicaciones que benefician a unos pocos. Remarcaron que pertenecen a la oposici\u00f3n que no se vende y que buscan cambios reales para las generaciones venideras.<\/p>\n<p>El encuentro se llev\u00f3 a cabo en el sal\u00f3n de usos m\u00faltiples de UTHGRA el jueves a las 20 horas, all\u00ed estuvieron presentes los candidatos a diputados provinciales del Frente por el Futuro encabezado por Santiago Koch, actual concejal de Posadas, joven de 33 a\u00f1os que impone sus ideas en el Concejo Deliberante pese a imposibilidad de gestar cambios por pertenecer a una minor\u00eda, asegura \u201cLa renovaci\u00f3n no va a cambiar, porque no tiene porque hacerlo, tiene el 70 por ciento de los votos, no le interesa cambiar porque tienen los beneficios. Solo si logramos imponer una oposici\u00f3n firme comenzaremos a ver cambios\u201d<\/p>\n<p>Santiago Koch remarc\u00f3 que los problemas energ\u00e9ticos se registran en toda la provincia, pero son m\u00e1s complicados en Iguaz\u00fa \u201cEsto lo que se vive en esta ciudad es simplemente desidia, no podemos permitir que continue este intendente, para eso tenemos que lograr la mayor\u00eda en el Concejo Deliberante. Este 8 de junio tenemos que hacer la diferencia\u201d remarco<\/p>\n<p>Durante la reuni\u00f3n se presentaron los sublemas locales del Frente Unidos por el Futuro, todos remarcaron su compromiso con la ciudad, demostraron que conocen la funci\u00f3n del poder legislativo y casi todos est\u00e1n trabajando de forma activa desde varios a\u00f1os dentro del concejo y hoy encabezan una lista.<\/p>\n<p>Al respecto Rodrigo Lugo remarc\u00f3 \u201cEste 8 de junio, tenemos que hacerle saber al intendente que se termina su mandato, si tenemos la mayor\u00eda podemos eliminar la tasa ecotur\u00edstica, la tasa de basto, exigir un bolet\u00edn oficial, controlar al municipio, pero para eso necesitamos el voto de todos\u201d<\/p>\n<p><img loading=\"lazy\" decoding=\"async\" class=\"alignnone size-full wp-image-51138\" src=\"https:\/\/actualizateiguazu.com\/v3\/wp-content\/uploads\/2025\/05\/IMG_20250508_203017-1-scaled.jpg\" alt=\"\" width=\"2560\" height=\"1928\" srcset=\"https:\/\/actualizateiguazu.com\/v3\/wp-content\/uploads\/2025\/05\/IMG_20250508_203017-1-scaled.jpg 2560w, https:\/\/actualizateiguazu.com\/v3\/wp-content\/uploads\/2025\/05\/IMG_20250508_203017-1-300x226.jpg 300w, https:\/\/actualizateiguazu.com\/v3\/wp-content\/uploads\/2025\/05\/IMG_20250508_203017-1-1024x771.jpg 1024w, https:\/\/actualizateiguazu.com\/v3\/wp-content\/uploads\/2025\/05\/IMG_20250508_203017-1-768x578.jpg 768w, https:\/\/actualizateiguazu.com\/v3\/wp-content\/uploads\/2025\/05\/IMG_20250508_203017-1-1536x1157.jpg 1536w, https:\/\/actualizateiguazu.com\/v3\/wp-content\/uploads\/2025\/05\/IMG_20250508_203017-1-2048x1542.jpg 2048w\" sizes=\"auto, (max-width: 2560px) 100vw, 2560px\" \/><\/p>\n<p>Desde el frente unidos por el futuro remarcaron que buscaron mediante el di\u00e1logo que toda la oposici\u00f3n integre el frente, pero no fue posible, no obstante, tienen el mismo objetivo poner un freno a la renovaci\u00f3n y empezar a salir del pozo en el que se encuentra la ciudad y la mayor parte de las localidades de la provincia.<\/p>\n<p>Los sublemas integrantes del frente unidos por el futuro est\u00e1n encabezados por H\u00e9ctor Rodrigo Lugo, que busca la reelecci\u00f3n, Ana Mar\u00eda Wieczorek, Richard Gabriel Paniagua, Antonio (Tony) Eleuterio Rivero, Ivana Liliana Sim\u00f3n, Gonzalo Mart\u00ednez, Sergio Ismael (Taca) Castillo y Juan Ramon Galeano (El Comisario).<\/p>\n<p>&nbsp;<\/p>\n<p>&nbsp;<\/p>\n<p>&nbsp;<\/p>\n","protected":false},"excerpt":{"rendered":"<p>Estuvo presente el Senador nacional misionero que voto a favor de Ficha limpia Martin Goerling,<\/p>\n","protected":false},"author":1,"featured_media":51139,"comment_status":"closed","ping_status":"open","sticky":false,"template":"","format":"standard","meta":{"footnotes":""},"categories":[1,226],"tags":[],"class_list":["post-51137","post","type-post","status-publish","format-standard","has-post-thumbnail","hentry","category-actualidad","category-locales"],"_links":{"self":[{"href":"https:\/\/actualizateiguazu.com\/v3\/wp-json\/wp\/v2\/posts\/51137","targetHints":{"allow":["GET"]}}],"collection":[{"href":"https:\/\/actualizateiguazu.com\/v3\/wp-json\/wp\/v2\/posts"}],"about":[{"href":"https:\/\/actualizateiguazu.com\/v3\/wp-json\/wp\/v2\/types\/post"}],"author":[{"embeddable":true,"href":"https:\/\/actualizateiguazu.com\/v3\/wp-json\/wp\/v2\/users\/1"}],"replies":[{"embeddable":true,"href":"https:\/\/actualizateiguazu.com\/v3\/wp-json\/wp\/v2\/comments?post=51137"}],"version-history":[{"count":2,"href":"https:\/\/actualizateiguazu.com\/v3\/wp-json\/wp\/v2\/posts\/51137\/revisions"}],"predecessor-version":[{"id":51141,"href":"https:\/\/actualizateiguazu.com\/v3\/wp-json\/wp\/v2\/posts\/51137\/revisions\/51141"}],"wp:featuredmedia":[{"embeddable":true,"href":"https:\/\/actualizateiguazu.com\/v3\/wp-json\/wp\/v2\/media\/51139"}],"wp:attachment":[{"href":"https:\/\/actualizateiguazu.com\/v3\/wp-json\/wp\/v2\/media?parent=51137"}],"wp:term":[{"taxonomy":"category","embeddable":true,"href":"https:\/\/actualizateiguazu.com\/v3\/wp-json\/wp\/v2\/categories?post=51137"},{"taxonomy":"post_tag","embeddable":true,"href":"https:\/\/actualizateiguazu.com\/v3\/wp-json\/wp\/v2\/tags?post=51137"}],"curies":[{"name":"wp","href":"https:\/\/api.w.org\/{rel}","templated":true}]}}