{"id":51154,"date":"2025-05-09T18:49:36","date_gmt":"2025-05-09T21:49:36","guid":{"rendered":"https:\/\/actualizateiguazu.com\/v3\/?p=51154"},"modified":"2025-05-09T18:49:36","modified_gmt":"2025-05-09T21:49:36","slug":"misiones-creo-el-dia-provincial-de-la-eficiencia-energetica-se-conmemorara-cada-5-de-marzo","status":"publish","type":"post","link":"https:\/\/actualizateiguazu.com\/v3\/2025\/05\/09\/misiones-creo-el-dia-provincial-de-la-eficiencia-energetica-se-conmemorara-cada-5-de-marzo\/","title":{"rendered":"Misiones creo el D\u00eda Provincial de la Eficiencia Energ\u00e9tica se conmemorar\u00e1 cada 5 de marzo"},"content":{"rendered":"<p>En la primera sesi\u00f3n ordinaria del LVII periodo legislativo de la C\u00e1mara de Representantes de la Provincia de Misiones, se instituy\u00f3 el D\u00eda Provincial de la Eficiencia Energ\u00e9tica. Esta fecha, que se conmemorar\u00e1 cada 5 de marzo en concordancia con el D\u00eda Mundial de la Conciencia Energ\u00e9tica, tiene como objetivo principal promover el uso racional y eficiente de la energ\u00eda con el fin de impulsar el ahorro energ\u00e9tico, la protecci\u00f3n del medio ambiente y la creaci\u00f3n de pol\u00edticas p\u00fablicas orientadas a una gesti\u00f3n energ\u00e9tica eficiente.<\/p>\n<p>En este marco, el ministro de Energ\u00eda de Misiones, Paolo Quintana, expres\u00f3: \u201cTener el D\u00eda Provincial de la Eficiencia Energ\u00e9tica ayuda al trabajo que se viene realizando, con las pol\u00edticas de Estado que venimos implementando, donde siempre se busca sensibilizar y ayudar a la poblaci\u00f3n a que tenga un menor consumo de energ\u00eda, a tener unos tips para poder tener un ahorro econ\u00f3mico\u201d.<\/p>\n<p>Por lo tanto, sobre el alcance de esta nueva ley, Quintana explic\u00f3: \u201cPr\u00e1cticamente lo que instituye es un D\u00eda Provincial de la Eficiencia Energ\u00e9tica. Nos da un marco\u00a0 para poder dar tareas de sensibilizaci\u00f3n y actividades en diferentes tipos de \u00e1mbitos, ya sea desde las personas a pie, diferentes tipos de trabajos con organismos, instituciones, que lo venimos haciendo, pero hoy en d\u00eda dentro del marco de una ley\u201d.<\/p>\n<p>Adem\u00e1s, detall\u00f3 que esta ley es la consecuencia y la continuidad de un trabajo que se viene realizando con mucho \u00e9nfasis entre las distintas \u00e1reas del Gobierno provincial: \u201cEmpezamos a trabajar con organismos que son realmente de una magnitud importante, como es la educaci\u00f3n, en la cual nosotros trabajamos primero con las cabezas, es decir, con el Ministerio, con las Subsecretar\u00edas, etc. Despu\u00e9s de eso se va a ir llevando justamente a las escuelas y a los diferentes tipos de n\u00facleos. Lo mismo estamos haciendo con salud y tambi\u00e9n estamos haciendo con el aire y la producci\u00f3n\u201d.<\/p>\n<p>En este contexto, el ministro comparti\u00f3 algunos consejos pr\u00e1cticos: \u201cSiempre tratamos de mencionar el consumo vampiro. Por ejemplo, los foquitos rojos LED que tienen los diferentes tipos de aparatos, ya sea de televisor, una pava el\u00e9ctrica. Ese consumo te puede llegar a representar en un hogar entre el 10 y el 15% de tu factura, lo cual al apagar y desenchufar los aparatos llegas a consumir menos y obviamente ten\u00e9s tu ahorro\u201d.<\/p>\n<p>Fuente MOL<\/p>\n","protected":false},"excerpt":{"rendered":"<p>En la primera sesi\u00f3n ordinaria del LVII periodo legislativo de la C\u00e1mara de Representantes de<\/p>\n","protected":false},"author":1,"featured_media":51155,"comment_status":"closed","ping_status":"open","sticky":false,"template":"","format":"standard","meta":{"footnotes":""},"categories":[1,229],"tags":[],"class_list":["post-51154","post","type-post","status-publish","format-standard","has-post-thumbnail","hentry","category-actualidad","category-provinciales"],"_links":{"self":[{"href":"https:\/\/actualizateiguazu.com\/v3\/wp-json\/wp\/v2\/posts\/51154","targetHints":{"allow":["GET"]}}],"collection":[{"href":"https:\/\/actualizateiguazu.com\/v3\/wp-json\/wp\/v2\/posts"}],"about":[{"href":"https:\/\/actualizateiguazu.com\/v3\/wp-json\/wp\/v2\/types\/post"}],"author":[{"embeddable":true,"href":"https:\/\/actualizateiguazu.com\/v3\/wp-json\/wp\/v2\/users\/1"}],"replies":[{"embeddable":true,"href":"https:\/\/actualizateiguazu.com\/v3\/wp-json\/wp\/v2\/comments?post=51154"}],"version-history":[{"count":1,"href":"https:\/\/actualizateiguazu.com\/v3\/wp-json\/wp\/v2\/posts\/51154\/revisions"}],"predecessor-version":[{"id":51156,"href":"https:\/\/actualizateiguazu.com\/v3\/wp-json\/wp\/v2\/posts\/51154\/revisions\/51156"}],"wp:featuredmedia":[{"embeddable":true,"href":"https:\/\/actualizateiguazu.com\/v3\/wp-json\/wp\/v2\/media\/51155"}],"wp:attachment":[{"href":"https:\/\/actualizateiguazu.com\/v3\/wp-json\/wp\/v2\/media?parent=51154"}],"wp:term":[{"taxonomy":"category","embeddable":true,"href":"https:\/\/actualizateiguazu.com\/v3\/wp-json\/wp\/v2\/categories?post=51154"},{"taxonomy":"post_tag","embeddable":true,"href":"https:\/\/actualizateiguazu.com\/v3\/wp-json\/wp\/v2\/tags?post=51154"}],"curies":[{"name":"wp","href":"https:\/\/api.w.org\/{rel}","templated":true}]}}