{"id":51418,"date":"2025-05-23T23:21:28","date_gmt":"2025-05-24T02:21:28","guid":{"rendered":"https:\/\/actualizateiguazu.com\/v3\/?p=51418"},"modified":"2025-05-23T23:22:52","modified_gmt":"2025-05-24T02:22:52","slug":"martin-menem-presento-al-candidato-provincial-del-lla-pero-no-apuntalo-a-nadie-a-nivel-local","status":"publish","type":"post","link":"https:\/\/actualizateiguazu.com\/v3\/2025\/05\/23\/martin-menem-presento-al-candidato-provincial-del-lla-pero-no-apuntalo-a-nadie-a-nivel-local\/","title":{"rendered":"Martin Menem present\u00f3 al candidato provincial del LLA pero no apuntal\u00f3 a nadie a nivel local"},"content":{"rendered":"<p>En el marco de su recorrida por el pa\u00eds Martin Menem visit\u00f3 Puerto Iguaz\u00fa para respaldar al representante de La Libertad Avanza a diputado provincial en las pr\u00f3ximas elecciones provinciales del 8 de junio. En la mesa de la conferencia de prensa no present\u00f3 a ning\u00fan candidato local y al ser consultado evit\u00f3 responder quien representa al partido en Iguaz\u00fa.<\/p>\n<p>La Libertad Avanza (LLA) continua con la consolidaci\u00f3n nacional del partido recorriendo todas las provincial buscando pintar el pa\u00eds de violeta. Estaba prevista la visita de las autoridades partidarias Karina Milei y Mart\u00edn Menem, no obstante, por cuestiones de salud la hermana del presidente no pudo asistir, pese a su compromiso de visitar Misiones. Durante la visita mantuvieron reuniones con empresarios, militantes y candidatos de la zona. Para finalizar hicieron una caminata por el centro de la ciudad para escuchar las inquietudes.<\/p>\n<p>Antes de la conferencia de prensa, Mart\u00edn Menem, vicepresidente de LLA, junto al presidente de LLA Misiones, Adri\u00e1n Nu\u00f1ez y el candidato a diputado provincial, Diego Hartfield se reunieron con un grupo de empresarios influyentes quienes le plantearon una serie de cuestiones que hoy afectan al destino e hicieron hincapi\u00e9 en la problem\u00e1tica del ingreso y egreso del pa\u00eds. A lo que se comprometieron en trabajar para agilizar la frontera sin descuidar la seguridad del pa\u00eds.<\/p>\n<p>M\u00e1s tarde, en conferencia de prensa Menem asegur\u00f3 en varias oportunidades de Diego Hartfield es Milei en Misiones, es el representante de la LLA, y es quien tiene el aval del partido y al ser consultado quien es el representante de Milei en Puerto Iguaz\u00fa, Menem no nombr\u00f3 a ninguno de los candidatos de los tres sublemas y remarc\u00f3 \u201cEn primer t\u00e9rmino representar al presidente Milei es algo muy robusto, hay que tener espalda para representarlo a Milei. \u00c9l es la persona que est\u00e1 tirando el carro de la Argentina y estamos todos acompa\u00f1\u00e1ndolo, pero no hay ninguna duda la Libertad Avanza es el partido del presidente y no hay ninguna duda y la bendici\u00f3n del presidente es a Diego Hartfield, sin dudas. Diego Hartfield es Javier Milei en Misiones, lo repito\u201d<\/p>\n<p>Mas tarde fue consultado sobre diferentes cuestiones como la agilizaci\u00f3n de la frontera, la desregulaci\u00f3n de la yerba mate y el impacto negativo en el sector productivo de Misiones, al respecto Diego Hartfield indic\u00f3 \u201cEl presidente Javier Milei cuando hizo campa\u00f1a fue muy claro, en todo proceso de pre-elecciones de las cosas que hab\u00eda que hacer, que era desregular toda la econom\u00eda. Esto incluyo al INYM, quiz\u00e1s deber\u00edan ser cr\u00edticos de que fueron estos \u00faltimos 20 a\u00f1os. Misiones no creci\u00f3 en exportaciones, de hecho, cay\u00f3 cuando Brasil y Paraguay subieron sus exportaciones\u201d<\/p>\n<p>Y Agreg\u00f3 \u201cHoy tememos a Messi, a Colipinto y otros deportistas tomando mate, de hecho, se expande en todo el mundo, sin embrago nosotros ac\u00e1 pusimos trabas a la producci\u00f3n de yerba, \u00f3sea es igualar para abajo todo el tiempo. Pero estoy seguro de que si la yerba se mete en todo el mundo el precio va a volar. El mensaje es que vamos a sacar la pata del estado para que se pueda producir libremente\u201d<\/p>\n<p><img loading=\"lazy\" decoding=\"async\" class=\"alignnone size-full wp-image-51420\" src=\"https:\/\/actualizateiguazu.com\/v3\/wp-content\/uploads\/2025\/05\/IMG_20250523_155630799-scaled.jpg\" alt=\"\" width=\"2560\" height=\"1920\" srcset=\"https:\/\/actualizateiguazu.com\/v3\/wp-content\/uploads\/2025\/05\/IMG_20250523_155630799-scaled.jpg 2560w, https:\/\/actualizateiguazu.com\/v3\/wp-content\/uploads\/2025\/05\/IMG_20250523_155630799-300x225.jpg 300w, https:\/\/actualizateiguazu.com\/v3\/wp-content\/uploads\/2025\/05\/IMG_20250523_155630799-1024x768.jpg 1024w, https:\/\/actualizateiguazu.com\/v3\/wp-content\/uploads\/2025\/05\/IMG_20250523_155630799-768x576.jpg 768w, https:\/\/actualizateiguazu.com\/v3\/wp-content\/uploads\/2025\/05\/IMG_20250523_155630799-1536x1152.jpg 1536w, https:\/\/actualizateiguazu.com\/v3\/wp-content\/uploads\/2025\/05\/IMG_20250523_155630799-2048x1536.jpg 2048w, https:\/\/actualizateiguazu.com\/v3\/wp-content\/uploads\/2025\/05\/IMG_20250523_155630799-720x540.jpg 720w\" sizes=\"auto, (max-width: 2560px) 100vw, 2560px\" \/><\/p>\n<p>Haciendo referencia a la campa\u00f1a electoral y a las proyecciones para el pr\u00f3ximo 8 de junio Martin Menem explic\u00f3 \u201cEs bueno recordar que somos un partido nuevo que tiene su origen hace un a\u00f1o y moneda que estamos en todos los distritos de la argentina y hemos logrado posicionarnos electoralmente en todas las provincias. Las elecciones provinciales es un desaf\u00edo para un partido que empieza, el territorio en si es un desaf\u00edo de estar en cada Intendencia y cada provincia porque nosotros comenzamos al rev\u00e9s primero pusimos el presidente y ahora estamos construyendo los pilares de este gran espacio\u201d remarc\u00f3 Menem<\/p>\n<p>Y remarc\u00f3 \u201cNo nos define ganar o perder una elecci\u00f3n, nuestro desaf\u00edo es construir los cimientos de la libertad avanza para los pr\u00f3ximos 40 a\u00f1os nos solo a nivel naci\u00f3n si no que tengamos presencia provincial y que los ideales por los que peleamos nosotros se puedan plasmar tambi\u00e9n en todas las provincias menos estado, m\u00e1s libertad, menos impuestos y menos dependencia del poder pol\u00edtico\u201d<\/p>\n<p>Por su parte Diego Hartfield indic\u00f3 \u201cnuestra idea es bajar el claro rumbo que arranc\u00f3 Javier Milei en la naci\u00f3n y empezar a proyectarlo tambi\u00e9n en la provincia, nuestra idea es sacar al estado del medio de la gente, del trabajo, luchar e incentivar para que se achique el estado, los gastos y que podamos bajar los impuestos y de esta manera incentivar que es la \u00fanica amanera en que vamos a tener crecimiento y as\u00ed poder sacar a la provincia de la pobreza\u201d<\/p>\n<p>Luego de la conferencia de prensa participaron de una reuni\u00f3n cerrada con los candidatos de la zona y un grupo de representantes, para finalizar la jornada de trabajo con una recorrida en el centro de Puerto Iguaz\u00fa acompa\u00f1ados de un nutrido grupo de militantes.<\/p>\n<p>&nbsp;<\/p>\n<p>&nbsp;<\/p>\n<p>&nbsp;<\/p>\n<p>&nbsp;<\/p>\n<p>Acreditaci\u00f3n a la conferencia de prensa:<\/p>\n<p>&nbsp;<\/p>\n<p>Los medios interesados en asistir deber\u00e1n completar el siguiente formulario de acreditaci\u00f3n:<\/p>\n","protected":false},"excerpt":{"rendered":"<p>En el marco de su recorrida por el pa\u00eds Martin Menem visit\u00f3 Puerto Iguaz\u00fa para<\/p>\n","protected":false},"author":1,"featured_media":51419,"comment_status":"closed","ping_status":"open","sticky":false,"template":"","format":"standard","meta":{"footnotes":""},"categories":[1,226],"tags":[],"class_list":["post-51418","post","type-post","status-publish","format-standard","has-post-thumbnail","hentry","category-actualidad","category-locales"],"_links":{"self":[{"href":"https:\/\/actualizateiguazu.com\/v3\/wp-json\/wp\/v2\/posts\/51418","targetHints":{"allow":["GET"]}}],"collection":[{"href":"https:\/\/actualizateiguazu.com\/v3\/wp-json\/wp\/v2\/posts"}],"about":[{"href":"https:\/\/actualizateiguazu.com\/v3\/wp-json\/wp\/v2\/types\/post"}],"author":[{"embeddable":true,"href":"https:\/\/actualizateiguazu.com\/v3\/wp-json\/wp\/v2\/users\/1"}],"replies":[{"embeddable":true,"href":"https:\/\/actualizateiguazu.com\/v3\/wp-json\/wp\/v2\/comments?post=51418"}],"version-history":[{"count":1,"href":"https:\/\/actualizateiguazu.com\/v3\/wp-json\/wp\/v2\/posts\/51418\/revisions"}],"predecessor-version":[{"id":51421,"href":"https:\/\/actualizateiguazu.com\/v3\/wp-json\/wp\/v2\/posts\/51418\/revisions\/51421"}],"wp:featuredmedia":[{"embeddable":true,"href":"https:\/\/actualizateiguazu.com\/v3\/wp-json\/wp\/v2\/media\/51419"}],"wp:attachment":[{"href":"https:\/\/actualizateiguazu.com\/v3\/wp-json\/wp\/v2\/media?parent=51418"}],"wp:term":[{"taxonomy":"category","embeddable":true,"href":"https:\/\/actualizateiguazu.com\/v3\/wp-json\/wp\/v2\/categories?post=51418"},{"taxonomy":"post_tag","embeddable":true,"href":"https:\/\/actualizateiguazu.com\/v3\/wp-json\/wp\/v2\/tags?post=51418"}],"curies":[{"name":"wp","href":"https:\/\/api.w.org\/{rel}","templated":true}]}}