{"id":51424,"date":"2025-05-24T19:46:22","date_gmt":"2025-05-24T22:46:22","guid":{"rendered":"https:\/\/actualizateiguazu.com\/v3\/?p=51424"},"modified":"2025-05-24T19:46:22","modified_gmt":"2025-05-24T22:46:22","slug":"se-concreto-el-taller-de-instruccion-de-mantenimiento-al-aires-acondicionados","status":"publish","type":"post","link":"https:\/\/actualizateiguazu.com\/v3\/2025\/05\/24\/se-concreto-el-taller-de-instruccion-de-mantenimiento-al-aires-acondicionados\/","title":{"rendered":"Se concret\u00f3 el taller de instrucci\u00f3n de mantenimiento al Aires Acondicionados"},"content":{"rendered":"<p>El taller se realizo en las instalaciones del BOP N\u00ba 23 y fue dictado por el t\u00e9cnico Guillermo Mart\u00ednez. Fue impulsado por el candidato a concejal Omar Sosa<\/p>\n<p>El inter\u00e9s por aprender oficios va en aumento, cada vez son mas las personas que optan por aprender acerca electricidad, aires acondicionados entre otros con el objetivo de aplicar los conocimientos que representar\u00eda un ahorro ante imprevistos o simplemente adquirir conocimientos para no ser enga\u00f1ados al momento de contratar un t\u00e9cnico. Otras personas adquieren conocimientos para emprender y obtener mayores ingresos.<\/p>\n<p><img loading=\"lazy\" decoding=\"async\" class=\"alignnone size-full wp-image-51426\" src=\"https:\/\/actualizateiguazu.com\/v3\/wp-content\/uploads\/2025\/05\/WhatsApp-Image-2025-05-24-at-17.32.35.jpeg\" alt=\"\" width=\"1600\" height=\"1067\" srcset=\"https:\/\/actualizateiguazu.com\/v3\/wp-content\/uploads\/2025\/05\/WhatsApp-Image-2025-05-24-at-17.32.35.jpeg 1600w, https:\/\/actualizateiguazu.com\/v3\/wp-content\/uploads\/2025\/05\/WhatsApp-Image-2025-05-24-at-17.32.35-300x200.jpeg 300w, https:\/\/actualizateiguazu.com\/v3\/wp-content\/uploads\/2025\/05\/WhatsApp-Image-2025-05-24-at-17.32.35-1024x683.jpeg 1024w, https:\/\/actualizateiguazu.com\/v3\/wp-content\/uploads\/2025\/05\/WhatsApp-Image-2025-05-24-at-17.32.35-768x512.jpeg 768w, https:\/\/actualizateiguazu.com\/v3\/wp-content\/uploads\/2025\/05\/WhatsApp-Image-2025-05-24-at-17.32.35-1536x1024.jpeg 1536w\" sizes=\"auto, (max-width: 1600px) 100vw, 1600px\" \/><\/p>\n<p>Bajo la premisa de que \u201cEl futuro se emprende\u201d Omar Sosa candidato a conejal por el Frente Renovador impulsa una serie de capacitaci\u00f3n con el fin de brindar herramientas a aquellos que buscan salir delante de forma honesta. Para ello organizo varias capacitaciones y este viernes se concret\u00f3 el taller de introducci\u00f3n al mantenimiento de aires acondicionados.<\/p>\n<p><img loading=\"lazy\" decoding=\"async\" class=\"alignnone size-full wp-image-51425\" src=\"https:\/\/actualizateiguazu.com\/v3\/wp-content\/uploads\/2025\/05\/WhatsApp-Image-2025-05-24-at-17.32.33.jpeg\" alt=\"\" width=\"1600\" height=\"1067\" srcset=\"https:\/\/actualizateiguazu.com\/v3\/wp-content\/uploads\/2025\/05\/WhatsApp-Image-2025-05-24-at-17.32.33.jpeg 1600w, https:\/\/actualizateiguazu.com\/v3\/wp-content\/uploads\/2025\/05\/WhatsApp-Image-2025-05-24-at-17.32.33-300x200.jpeg 300w, https:\/\/actualizateiguazu.com\/v3\/wp-content\/uploads\/2025\/05\/WhatsApp-Image-2025-05-24-at-17.32.33-1024x683.jpeg 1024w, https:\/\/actualizateiguazu.com\/v3\/wp-content\/uploads\/2025\/05\/WhatsApp-Image-2025-05-24-at-17.32.33-768x512.jpeg 768w, https:\/\/actualizateiguazu.com\/v3\/wp-content\/uploads\/2025\/05\/WhatsApp-Image-2025-05-24-at-17.32.33-1536x1024.jpeg 1536w\" sizes=\"auto, (max-width: 1600px) 100vw, 1600px\" \/><\/p>\n<p>\u201cGran convocatoria en el Taller de Mantenimiento de Aires Acondicionados, una capacitaci\u00f3n t\u00e9cnica organizada por nuestro sublema El Futuro se Emprende, que reafirma nuestro compromiso con la formaci\u00f3n, el trabajo y nuestra comunidad\u201d expres\u00f3 Sosa<\/p>\n<p>\u201cGracias a la Escuela de Comercio N\u00b0 16 por abrirnos sus puertas, al director Feliciano Chamorro por su colaboraci\u00f3n, y al t\u00e9cnico Guillermo Mart\u00ednez por compartir sus conocimientos con tanto profesionalismo\u201d remarc\u00f3<\/p>\n<p>Hizo extensivo el agradecimiento a los participantes que de alguna forma apoyan este tipo de acciones para beneficio de toda una comunidad, porque un ciudadano capacitado tiene mayores oportunidades para el desarrollo y crecimiento personal \u201cA cada participante, gracias por sumarse con ganas de aprender y crecer. Porque en Iguaz\u00fa, creemos en un futuro con m\u00e1s oportunidades, y ese futuro es con vos, es entre todos \u00a1es con Omar!\u201d<\/p>\n","protected":false},"excerpt":{"rendered":"<p>El taller se realizo en las instalaciones del BOP N\u00ba 23 y fue dictado por<\/p>\n","protected":false},"author":1,"featured_media":51427,"comment_status":"closed","ping_status":"open","sticky":false,"template":"","format":"standard","meta":{"footnotes":""},"categories":[1,226],"tags":[],"class_list":["post-51424","post","type-post","status-publish","format-standard","has-post-thumbnail","hentry","category-actualidad","category-locales"],"_links":{"self":[{"href":"https:\/\/actualizateiguazu.com\/v3\/wp-json\/wp\/v2\/posts\/51424","targetHints":{"allow":["GET"]}}],"collection":[{"href":"https:\/\/actualizateiguazu.com\/v3\/wp-json\/wp\/v2\/posts"}],"about":[{"href":"https:\/\/actualizateiguazu.com\/v3\/wp-json\/wp\/v2\/types\/post"}],"author":[{"embeddable":true,"href":"https:\/\/actualizateiguazu.com\/v3\/wp-json\/wp\/v2\/users\/1"}],"replies":[{"embeddable":true,"href":"https:\/\/actualizateiguazu.com\/v3\/wp-json\/wp\/v2\/comments?post=51424"}],"version-history":[{"count":1,"href":"https:\/\/actualizateiguazu.com\/v3\/wp-json\/wp\/v2\/posts\/51424\/revisions"}],"predecessor-version":[{"id":51428,"href":"https:\/\/actualizateiguazu.com\/v3\/wp-json\/wp\/v2\/posts\/51424\/revisions\/51428"}],"wp:featuredmedia":[{"embeddable":true,"href":"https:\/\/actualizateiguazu.com\/v3\/wp-json\/wp\/v2\/media\/51427"}],"wp:attachment":[{"href":"https:\/\/actualizateiguazu.com\/v3\/wp-json\/wp\/v2\/media?parent=51424"}],"wp:term":[{"taxonomy":"category","embeddable":true,"href":"https:\/\/actualizateiguazu.com\/v3\/wp-json\/wp\/v2\/categories?post=51424"},{"taxonomy":"post_tag","embeddable":true,"href":"https:\/\/actualizateiguazu.com\/v3\/wp-json\/wp\/v2\/tags?post=51424"}],"curies":[{"name":"wp","href":"https:\/\/api.w.org\/{rel}","templated":true}]}}