{"id":51429,"date":"2025-05-25T17:58:20","date_gmt":"2025-05-25T20:58:20","guid":{"rendered":"https:\/\/actualizateiguazu.com\/v3\/?p=51429"},"modified":"2025-05-25T17:58:20","modified_gmt":"2025-05-25T20:58:20","slug":"al-caer-en-sol-en-cataratas-se-vistio-de-celeste-y-blanco","status":"publish","type":"post","link":"https:\/\/actualizateiguazu.com\/v3\/2025\/05\/25\/al-caer-en-sol-en-cataratas-se-vistio-de-celeste-y-blanco\/","title":{"rendered":"Al Caer en sol en Cataratas se visti\u00f3 de celeste y blanco"},"content":{"rendered":"<p>El s\u00e1bado se realiz\u00f3 la segunda edici\u00f3n del evento cultural \u201cAl Caer el Sol en cataratas\u201d, en esta oportunidad el anfiteatro de cataratas se visti\u00f3 de fiesta y celebr\u00f3 215 a\u00f1os de la Revoluci\u00f3n de Mayo.<\/p>\n<p>Una tarde llena de t\u00edteres, m\u00fasica y mucho baile para celebrar los 215 a\u00f1os de la patria en el anfiteatro del Parque Nacional Iguaz\u00fa, m\u00e1s de 200 personas disfrutaron de la segunda edici\u00f3n de \u201cAl Caer el Sol en Cataratas\u201d. La comunidad se congreg\u00f3 para una celebraci\u00f3n que combin\u00f3 arte, tradici\u00f3n y conciencia ambiental. Se trata de una iniciativa llevada adelante por Iguaz\u00fa Argentina S.A., en conjunto con la Intendencia del Parque nacional Iguaz\u00fa y la Secretar\u00eda de Estado de Cultura. Este tipo de actividades buscan reforzar el v\u00ednculo entre la sociedad y el Parque Nacional, generando sentido de pertenencia y valoraci\u00f3n a las costumbres de la regi\u00f3n.<\/p>\n<p>El encuentro cont\u00f3 con la presencia de autoridades destacadas como Jos\u00e9 Mar\u00eda Hervas, Intendente del Parque, quien ofreci\u00f3 palabras de bienvenida, y las representantes de la Direcci\u00f3n Municipal de Cultura, Margarita Sosa y Yesica G\u00f3mez. Adem\u00e1s de ser un espacio de disfrute, Al caer el Sol en Cataratas tiene una arista solidaria, ya que los espectadores nuevamente colaboraron con alimentos no perecederos, alcanzando un peso aproximado de 200 kg, dejando a la vista el claro compromiso social de los habitantes de Puerto Iguaz\u00fa.<\/p>\n<p>En esta segunda edici\u00f3n el p\u00fablico lleg\u00f3 al Parque Nacional preparado, algunos con reposeras, para disfrutar del amplio espacio dispuesto para la comodidad de todos. El emprendimiento Gaby Chipas ofreci\u00f3 el cl\u00e1sico manjar regional junto a un exquisito mate cocido para degustar. Los colores patrios fueron los grandes protagonistas, con escarapelas y banderas que Iguaz\u00fa Argentina S.A obsequi\u00f3 a los asistentes.<\/p>\n<p>El escenario vibr\u00f3 con expresiones art\u00edsticas que recorrieron distintos matices de la identidad cultural. El Ballet \u201cEl Mens\u00fa\u201d represent\u00f3 distintas danzas y plasm\u00f3 el esfuerzo art\u00edstico de la ciudad de Puerto Iguaz\u00fa. \u201cSakados del Tacho\u201d propuso fuertes mensajes de concientizaci\u00f3n ambiental, ya que comparti\u00f3 n\u00fameros de t\u00edteres sobre el impacto de los pl\u00e1sticos, con relatos sobre la fauna silvestre y la emotiva historia de los yaguaret\u00e9s Elegato y Wanda Gata, separados por la ruta y el peligro del tr\u00e1fico.<\/p>\n<p><img loading=\"lazy\" decoding=\"async\" class=\"alignnone size-full wp-image-51431\" src=\"https:\/\/actualizateiguazu.com\/v3\/wp-content\/uploads\/2025\/05\/6-scaled.jpg\" alt=\"\" width=\"2048\" height=\"2560\" srcset=\"https:\/\/actualizateiguazu.com\/v3\/wp-content\/uploads\/2025\/05\/6-scaled.jpg 2048w, https:\/\/actualizateiguazu.com\/v3\/wp-content\/uploads\/2025\/05\/6-240x300.jpg 240w, https:\/\/actualizateiguazu.com\/v3\/wp-content\/uploads\/2025\/05\/6-819x1024.jpg 819w, https:\/\/actualizateiguazu.com\/v3\/wp-content\/uploads\/2025\/05\/6-768x960.jpg 768w, https:\/\/actualizateiguazu.com\/v3\/wp-content\/uploads\/2025\/05\/6-1229x1536.jpg 1229w, https:\/\/actualizateiguazu.com\/v3\/wp-content\/uploads\/2025\/05\/6-1638x2048.jpg 1638w\" sizes=\"auto, (max-width: 2048px) 100vw, 2048px\" \/><\/p>\n<p>El punto culminante lo marc\u00f3 \u201cLa Patria al Hombro\u201d, cuyo despliegue de malambo, bombo en vivo e impecables trajes deslumbr\u00f3 a la audiencia. La m\u00fasica tambi\u00e9n tuvo su momento estelar con \u201cGrupo Ekos\u201d, cuya calidad sonora fue reconocida incluso por quienes, al terminar su recorrido por el parque, se detuvieron a disfrutar de la presentaci\u00f3n.<\/p>\n<p>Las actividades complementarias sumaron calidez y magia a la jornada. Desde el arte en vivo de Agostina Corallo, cuyo cuadro fue sorteado al cierre, hasta el maquillaje art\u00edstico que dibuj\u00f3 sonrisas en los ni\u00f1os y los juegos aportados por la Organizaci\u00f3n \u201cDefensores del Yaguaret\u00e9\u201d.<\/p>\n<p>&nbsp;<\/p>\n<p>\u201cAl Caer el Sol en Cataratas\u201d es posible gracias al esfuerzo sin\u00e9rgico entre Iguaz\u00fa Argentina S.A, el Parque Nacional Iguaz\u00fa, la Secretar\u00eda de Estado de Cultura y R\u00edo Uruguay. Materializar estos encuentros de manera sostenible y respetuosa no solo permite compartir momentos especiales, sino que reafirma el valor del destino como escenario de encuentro social. La cultura local, vista como uno de los ejes del desarrollo tur\u00edstico, contribuye fuertemente a la preservaci\u00f3n y difusi\u00f3n de la identidad de la regi\u00f3n, y la celebraci\u00f3n previa al 25 de Mayo dej\u00f3 en claro que el v\u00ednculo entre la sociedad y su entorno natural es, sin duda, otro de los grandes tesoros que debemos cuidar.<\/p>\n","protected":false},"excerpt":{"rendered":"<p>El s\u00e1bado se realiz\u00f3 la segunda edici\u00f3n del evento cultural \u201cAl Caer el Sol en<\/p>\n","protected":false},"author":1,"featured_media":51430,"comment_status":"closed","ping_status":"open","sticky":false,"template":"","format":"standard","meta":{"footnotes":""},"categories":[1,222,226],"tags":[],"class_list":["post-51429","post","type-post","status-publish","format-standard","has-post-thumbnail","hentry","category-actualidad","category-cultura","category-locales"],"_links":{"self":[{"href":"https:\/\/actualizateiguazu.com\/v3\/wp-json\/wp\/v2\/posts\/51429","targetHints":{"allow":["GET"]}}],"collection":[{"href":"https:\/\/actualizateiguazu.com\/v3\/wp-json\/wp\/v2\/posts"}],"about":[{"href":"https:\/\/actualizateiguazu.com\/v3\/wp-json\/wp\/v2\/types\/post"}],"author":[{"embeddable":true,"href":"https:\/\/actualizateiguazu.com\/v3\/wp-json\/wp\/v2\/users\/1"}],"replies":[{"embeddable":true,"href":"https:\/\/actualizateiguazu.com\/v3\/wp-json\/wp\/v2\/comments?post=51429"}],"version-history":[{"count":1,"href":"https:\/\/actualizateiguazu.com\/v3\/wp-json\/wp\/v2\/posts\/51429\/revisions"}],"predecessor-version":[{"id":51432,"href":"https:\/\/actualizateiguazu.com\/v3\/wp-json\/wp\/v2\/posts\/51429\/revisions\/51432"}],"wp:featuredmedia":[{"embeddable":true,"href":"https:\/\/actualizateiguazu.com\/v3\/wp-json\/wp\/v2\/media\/51430"}],"wp:attachment":[{"href":"https:\/\/actualizateiguazu.com\/v3\/wp-json\/wp\/v2\/media?parent=51429"}],"wp:term":[{"taxonomy":"category","embeddable":true,"href":"https:\/\/actualizateiguazu.com\/v3\/wp-json\/wp\/v2\/categories?post=51429"},{"taxonomy":"post_tag","embeddable":true,"href":"https:\/\/actualizateiguazu.com\/v3\/wp-json\/wp\/v2\/tags?post=51429"}],"curies":[{"name":"wp","href":"https:\/\/api.w.org\/{rel}","templated":true}]}}