{"id":51433,"date":"2025-05-25T18:43:19","date_gmt":"2025-05-25T21:43:19","guid":{"rendered":"https:\/\/actualizateiguazu.com\/v3\/?p=51433"},"modified":"2025-05-25T18:43:19","modified_gmt":"2025-05-25T21:43:19","slug":"en-iguazu-se-desarrollo-un-sencillo-acto-por-el-cumpleanos-de-la-patria","status":"publish","type":"post","link":"https:\/\/actualizateiguazu.com\/v3\/2025\/05\/25\/en-iguazu-se-desarrollo-un-sencillo-acto-por-el-cumpleanos-de-la-patria\/","title":{"rendered":"En Iguaz\u00fa se desarroll\u00f3 un sencillo acto por el cumplea\u00f1os de la patria"},"content":{"rendered":"<p>El acto dur\u00f3 menos de media hora, las palabras alusivas estuvieron a cargo de un candidato a concejal. Pese a los ballets municipales no hubo ninguna clase de representaci\u00f3n art\u00edstica.<\/p>\n<p>Con un sencillo y fugaz acto se record\u00f3 uno de los hechos m\u00e1s trascendentales de la historia argentina en el predio de la Plaza san Martin de Puerto Iguaz\u00fa. Acto comenz\u00f3 casi 10 minutos antes de lo previsto, muchos ciudadanos llegaron y ya se hab\u00edan entonado las canciones patrias. Como es habitual se deposito la ofrenda floral a los pies del busto de San Martin. Este acto fue muy criticado por las asistentes quien repudiaron al orador de las palabras alusivas a la fecha porque remarc\u00f3 que era candidato a concejal.<\/p>\n<p><img loading=\"lazy\" decoding=\"async\" class=\"alignnone size-full wp-image-51435\" src=\"https:\/\/actualizateiguazu.com\/v3\/wp-content\/uploads\/2025\/05\/IMG_20250525_095309-scaled.jpg\" alt=\"\" width=\"2560\" height=\"1928\" srcset=\"https:\/\/actualizateiguazu.com\/v3\/wp-content\/uploads\/2025\/05\/IMG_20250525_095309-scaled.jpg 2560w, https:\/\/actualizateiguazu.com\/v3\/wp-content\/uploads\/2025\/05\/IMG_20250525_095309-300x226.jpg 300w, https:\/\/actualizateiguazu.com\/v3\/wp-content\/uploads\/2025\/05\/IMG_20250525_095309-1024x771.jpg 1024w, https:\/\/actualizateiguazu.com\/v3\/wp-content\/uploads\/2025\/05\/IMG_20250525_095309-768x578.jpg 768w, https:\/\/actualizateiguazu.com\/v3\/wp-content\/uploads\/2025\/05\/IMG_20250525_095309-1536x1157.jpg 1536w, https:\/\/actualizateiguazu.com\/v3\/wp-content\/uploads\/2025\/05\/IMG_20250525_095309-2048x1542.jpg 2048w\" sizes=\"auto, (max-width: 2560px) 100vw, 2560px\" \/><\/p>\n<p>El acto central por el dia los 215 a\u00f1os de la Revoluci\u00f3n de Mayo donde el pueblo lucho por ser libre, cont\u00f3 con la presencia de las banderas de ceremonia de todas las escuelas publicas y privadas de los diferentes niveles. Acompa\u00f1aron tambi\u00e9n las diferentes fuerzas vivas con asiento en la ciudad de las Cataratas. El acto fue encabezado por el Intendente Claudio Filippa y el director de la Escuela Militar de Monte el Teniente Coronel Diego Flores.<\/p>\n<p>Luego de la bendici\u00f3n del padre Lucas Rojas, se convoco a Luis Alberto Bargas, para las palabras alusivas a la fecha, luego de hacer referencia a lo ocurrido en 1810 quiso realizar una breve reflexi\u00f3n que fue opacada por su autopromoci\u00f3n a un cargo p\u00fablico ya que dijo ser candidato a concejal. Dicha situaci\u00f3n causo rechazo a gran parte del publico presente que critico la acci\u00f3n del candidato que uso la fecha patria para su beneficio.<\/p>\n<p><img loading=\"lazy\" decoding=\"async\" class=\"alignnone size-full wp-image-51434\" src=\"https:\/\/actualizateiguazu.com\/v3\/wp-content\/uploads\/2025\/05\/IMG_20250525_094514-scaled.jpg\" alt=\"\" width=\"2560\" height=\"1928\" srcset=\"https:\/\/actualizateiguazu.com\/v3\/wp-content\/uploads\/2025\/05\/IMG_20250525_094514-scaled.jpg 2560w, https:\/\/actualizateiguazu.com\/v3\/wp-content\/uploads\/2025\/05\/IMG_20250525_094514-300x226.jpg 300w, https:\/\/actualizateiguazu.com\/v3\/wp-content\/uploads\/2025\/05\/IMG_20250525_094514-1024x771.jpg 1024w, https:\/\/actualizateiguazu.com\/v3\/wp-content\/uploads\/2025\/05\/IMG_20250525_094514-768x578.jpg 768w, https:\/\/actualizateiguazu.com\/v3\/wp-content\/uploads\/2025\/05\/IMG_20250525_094514-1536x1157.jpg 1536w, https:\/\/actualizateiguazu.com\/v3\/wp-content\/uploads\/2025\/05\/IMG_20250525_094514-2048x1542.jpg 2048w\" sizes=\"auto, (max-width: 2560px) 100vw, 2560px\" \/><\/p>\n<p>Caba destacar que no fue la \u00fanica critica por parte de los presentes al sencillo acto ya que esperaban al menos la presencia de alg\u00fan ballet municipal para convertir el sencillo acto en una fiesta por el cumplea\u00f1os de la patria.<\/p>\n<p>&nbsp;<\/p>\n<p>&nbsp;<\/p>\n<p>&nbsp;<\/p>\n<p>&nbsp;<\/p>\n","protected":false},"excerpt":{"rendered":"<p>El acto dur\u00f3 menos de media hora, las palabras alusivas estuvieron a cargo de un<\/p>\n","protected":false},"author":1,"featured_media":51436,"comment_status":"closed","ping_status":"open","sticky":false,"template":"","format":"standard","meta":{"footnotes":""},"categories":[1,226],"tags":[],"class_list":["post-51433","post","type-post","status-publish","format-standard","has-post-thumbnail","hentry","category-actualidad","category-locales"],"_links":{"self":[{"href":"https:\/\/actualizateiguazu.com\/v3\/wp-json\/wp\/v2\/posts\/51433","targetHints":{"allow":["GET"]}}],"collection":[{"href":"https:\/\/actualizateiguazu.com\/v3\/wp-json\/wp\/v2\/posts"}],"about":[{"href":"https:\/\/actualizateiguazu.com\/v3\/wp-json\/wp\/v2\/types\/post"}],"author":[{"embeddable":true,"href":"https:\/\/actualizateiguazu.com\/v3\/wp-json\/wp\/v2\/users\/1"}],"replies":[{"embeddable":true,"href":"https:\/\/actualizateiguazu.com\/v3\/wp-json\/wp\/v2\/comments?post=51433"}],"version-history":[{"count":1,"href":"https:\/\/actualizateiguazu.com\/v3\/wp-json\/wp\/v2\/posts\/51433\/revisions"}],"predecessor-version":[{"id":51437,"href":"https:\/\/actualizateiguazu.com\/v3\/wp-json\/wp\/v2\/posts\/51433\/revisions\/51437"}],"wp:featuredmedia":[{"embeddable":true,"href":"https:\/\/actualizateiguazu.com\/v3\/wp-json\/wp\/v2\/media\/51436"}],"wp:attachment":[{"href":"https:\/\/actualizateiguazu.com\/v3\/wp-json\/wp\/v2\/media?parent=51433"}],"wp:term":[{"taxonomy":"category","embeddable":true,"href":"https:\/\/actualizateiguazu.com\/v3\/wp-json\/wp\/v2\/categories?post=51433"},{"taxonomy":"post_tag","embeddable":true,"href":"https:\/\/actualizateiguazu.com\/v3\/wp-json\/wp\/v2\/tags?post=51433"}],"curies":[{"name":"wp","href":"https:\/\/api.w.org\/{rel}","templated":true}]}}