{"id":51468,"date":"2025-05-26T12:36:34","date_gmt":"2025-05-26T15:36:34","guid":{"rendered":"https:\/\/actualizateiguazu.com\/v3\/?p=51468"},"modified":"2025-05-26T12:36:34","modified_gmt":"2025-05-26T15:36:34","slug":"el-territorio-inaugura-su-muestra-historica-100-anos-miles-de-voces","status":"publish","type":"post","link":"https:\/\/actualizateiguazu.com\/v3\/2025\/05\/26\/el-territorio-inaugura-su-muestra-historica-100-anos-miles-de-voces\/","title":{"rendered":"El Territorio inaugura su muestra hist\u00f3rica \u00ab100 a\u00f1os, miles de voces\u00bb"},"content":{"rendered":"<p>El Territorio transita el a\u00f1o del centenario y ante semejante acontecimiento prepara una muestra que refleja el recorrido no s\u00f3lo de sus noticias en diferentes formatos, sino de hechos que componen la historia de la provincia y la regi\u00f3n. La exposici\u00f3n \u00ab100 a\u00f1os, miles de voces\u00bb representa un viaje \u00fanico por la memoria period\u00edstica, social y cultural de la tierra colorada.<\/p>\n<p>La apertura ser\u00e1 el martes 27 de mayo a las 10 en el Multicultural de la Costanera (Avenida Costanera y Bol\u00edvar \u2013 Posadas) y se podr\u00e1 visitar hasta el 6 de junio inclusive. En la inauguraci\u00f3n estar\u00e1 presente el gobernador de la provincia, Hugo Passalaqua.<\/p>\n<p><img loading=\"lazy\" decoding=\"async\" class=\"alignnone size-full wp-image-51470\" src=\"https:\/\/actualizateiguazu.com\/v3\/wp-content\/uploads\/2025\/05\/WhatsApp-Image-2025-05-26-at-12.15.20-1.jpeg\" alt=\"\" width=\"1080\" height=\"1350\" srcset=\"https:\/\/actualizateiguazu.com\/v3\/wp-content\/uploads\/2025\/05\/WhatsApp-Image-2025-05-26-at-12.15.20-1.jpeg 1080w, https:\/\/actualizateiguazu.com\/v3\/wp-content\/uploads\/2025\/05\/WhatsApp-Image-2025-05-26-at-12.15.20-1-240x300.jpeg 240w, https:\/\/actualizateiguazu.com\/v3\/wp-content\/uploads\/2025\/05\/WhatsApp-Image-2025-05-26-at-12.15.20-1-819x1024.jpeg 819w, https:\/\/actualizateiguazu.com\/v3\/wp-content\/uploads\/2025\/05\/WhatsApp-Image-2025-05-26-at-12.15.20-1-768x960.jpeg 768w\" sizes=\"auto, (max-width: 1080px) 100vw, 1080px\" \/><\/p>\n<p>La exposici\u00f3n propone una experiencia visual, emotiva y nost\u00e1lgica con tapas hist\u00f3ricas, material de archivo, y objetos antiguos que reflejan el oficio gr\u00e1fico y period\u00edstico a lo largo de estos cien a\u00f1os, cuyo aniversario oficial es el pr\u00f3ximo 2 de junio.<\/p>\n<p>Es una oportunidad para revivir los grandes momentos que marcaron la historia de la sociedad y descubrir el legado de quienes hicieron y hacen historia desde el periodismo. Del 26 de mayo al 6 de junio Todos los d\u00edas de 9:00 a 18horas.<\/p>\n<p><img loading=\"lazy\" decoding=\"async\" class=\"alignnone size-full wp-image-51469\" src=\"https:\/\/actualizateiguazu.com\/v3\/wp-content\/uploads\/2025\/05\/WhatsApp-Image-2025-05-26-at-12.15.19.jpeg\" alt=\"\" width=\"1080\" height=\"1350\" srcset=\"https:\/\/actualizateiguazu.com\/v3\/wp-content\/uploads\/2025\/05\/WhatsApp-Image-2025-05-26-at-12.15.19.jpeg 1080w, https:\/\/actualizateiguazu.com\/v3\/wp-content\/uploads\/2025\/05\/WhatsApp-Image-2025-05-26-at-12.15.19-240x300.jpeg 240w, https:\/\/actualizateiguazu.com\/v3\/wp-content\/uploads\/2025\/05\/WhatsApp-Image-2025-05-26-at-12.15.19-819x1024.jpeg 819w, https:\/\/actualizateiguazu.com\/v3\/wp-content\/uploads\/2025\/05\/WhatsApp-Image-2025-05-26-at-12.15.19-768x960.jpeg 768w\" sizes=\"auto, (max-width: 1080px) 100vw, 1080px\" \/><\/p>\n","protected":false},"excerpt":{"rendered":"<p>El Territorio transita el a\u00f1o del centenario y ante semejante acontecimiento prepara una muestra que<\/p>\n","protected":false},"author":1,"featured_media":51471,"comment_status":"closed","ping_status":"open","sticky":false,"template":"","format":"standard","meta":{"footnotes":""},"categories":[1,226,229],"tags":[],"class_list":["post-51468","post","type-post","status-publish","format-standard","has-post-thumbnail","hentry","category-actualidad","category-locales","category-provinciales"],"_links":{"self":[{"href":"https:\/\/actualizateiguazu.com\/v3\/wp-json\/wp\/v2\/posts\/51468","targetHints":{"allow":["GET"]}}],"collection":[{"href":"https:\/\/actualizateiguazu.com\/v3\/wp-json\/wp\/v2\/posts"}],"about":[{"href":"https:\/\/actualizateiguazu.com\/v3\/wp-json\/wp\/v2\/types\/post"}],"author":[{"embeddable":true,"href":"https:\/\/actualizateiguazu.com\/v3\/wp-json\/wp\/v2\/users\/1"}],"replies":[{"embeddable":true,"href":"https:\/\/actualizateiguazu.com\/v3\/wp-json\/wp\/v2\/comments?post=51468"}],"version-history":[{"count":1,"href":"https:\/\/actualizateiguazu.com\/v3\/wp-json\/wp\/v2\/posts\/51468\/revisions"}],"predecessor-version":[{"id":51472,"href":"https:\/\/actualizateiguazu.com\/v3\/wp-json\/wp\/v2\/posts\/51468\/revisions\/51472"}],"wp:featuredmedia":[{"embeddable":true,"href":"https:\/\/actualizateiguazu.com\/v3\/wp-json\/wp\/v2\/media\/51471"}],"wp:attachment":[{"href":"https:\/\/actualizateiguazu.com\/v3\/wp-json\/wp\/v2\/media?parent=51468"}],"wp:term":[{"taxonomy":"category","embeddable":true,"href":"https:\/\/actualizateiguazu.com\/v3\/wp-json\/wp\/v2\/categories?post=51468"},{"taxonomy":"post_tag","embeddable":true,"href":"https:\/\/actualizateiguazu.com\/v3\/wp-json\/wp\/v2\/tags?post=51468"}],"curies":[{"name":"wp","href":"https:\/\/api.w.org\/{rel}","templated":true}]}}