{"id":51497,"date":"2025-05-27T19:25:53","date_gmt":"2025-05-27T22:25:53","guid":{"rendered":"https:\/\/actualizateiguazu.com\/v3\/?p=51497"},"modified":"2025-05-27T19:25:53","modified_gmt":"2025-05-27T22:25:53","slug":"el-superior-tribunal-de-justicia-debera-resolver-si-habilita-a-las-fuerzas-a-votar","status":"publish","type":"post","link":"https:\/\/actualizateiguazu.com\/v3\/2025\/05\/27\/el-superior-tribunal-de-justicia-debera-resolver-si-habilita-a-las-fuerzas-a-votar\/","title":{"rendered":"El Superior Tribunal de Justicia deber\u00e1 resolver si habilita a las fuerzas a votar"},"content":{"rendered":"<p>Intervino Passalacqua y la Renovaci\u00f3n. El gobernador instruy\u00f3 al procurador a revisar la resoluci\u00f3n del Tribunal Electoral y ante presentaci\u00f3n de fiscal\u00eda, ahora la resoluci\u00f3n est\u00e1 en manos de los jueces<\/p>\n<p>El Superior Tribunal de Justicia (STJ) de Misiones deber\u00e1 decidir en las pr\u00f3ximas horas si habilita el sufragio a las fuerzas de seguridad. De esta manera los jueces del STJ deber\u00e1n resolver la presentaci\u00f3n realizada por la fiscal\u00eda del Estado y por el Partido La Libertad Avanza. De esta manera la cuesti\u00f3n de fuerte repercusi\u00f3n podr\u00eda tener un gir\u00f3 importante y permitir como lo ven\u00edan haciendo hasta ahora votar el 8 de junio a los integrantes de las fuerzas de seguridad que hab\u00edan sido tachados del padr\u00f3n electoral por decisi\u00f3n del Tribunal Electoral.<\/p>\n<p>De lo que pudo saber El Territorio ya est\u00e1 en manos de los jueces del STJ la citada presentaci\u00f3n, de lo que el Procurador Carlos Gim\u00e9nez realiz\u00f3 un control de legalidad sobre la decisi\u00f3n del Tribunal Electoral que hab\u00eda ratificado su postura, pero que ahora quedar\u00eda en manos del STJ la resoluci\u00f3n.<\/p>\n<p>El tema gener\u00f3 mucho debate en Misiones, del que participaron, por ejemplo, el Obispado de Ober\u00e1 al recordar que la Constituci\u00f3n de Misiones fue sancionada en 1958, sin embargo, resalta que \u201cen los \u00faltimos 20 a\u00f1os las fuerzas de seguridad han podido votar sin problemas debido a la virtud acordada del Superior Tribunal de Justicia que data del 2006\u201d. Ante los antecedentes jur\u00eddicos se podr\u00eda permitir finalmente el voto en estas elecciones las fuerzas de seguridad.<\/p>\n<p>A su vez, el Ministerio de Seguridad Nacional adelant\u00f3 la decisi\u00f3n de presentarse ante la justicia para pedir una acci\u00f3n de inconstitucionalidad contra el inciso 10 del art\u00edculo 48 de la Constituci\u00f3n de Misiones que impide a los miembros de las fuerzas de seguridad y de la provincia votar en comicios provinciales.<\/p>\n<p>De esta manera, la Naci\u00f3n adelant\u00f3 la decisi\u00f3n de presentarse en defensa de los intereses de gendarmes, prefecturianos, polic\u00edas federales y aeroportuarios que tiene domicilio en Misiones, y que por la decisi\u00f3n del Tribunal Electoral provincial de no fijar una excepci\u00f3n a ese art\u00edculo, tal como se ven\u00eda haciendo desde hace 19 a\u00f1os, les impide sufragar el pr\u00f3ximo 8 de junio.<\/p>\n<p>La decisi\u00f3n de la dependencia nacional, fue anunciada por la ministra Patricia Bullrich, a trav\u00e9s de su cuenta en la red social X.com. All\u00ed, la ministra afirm\u00f3 \u201c\u00a1El mundo del rev\u00e9s! En Misiones pueden votar los presos y los extranjeros, pero no los gendarmes, prefectos, polic\u00edas federales, de seguridad aeroportuaria ni del servicio penitenciario. Tampoco la polic\u00eda provincial\u201d. Y adelant\u00f3 \u201cdesde el Ministerio de Seguridad Nacional vamos a presentar una acci\u00f3n por la inconstitucionalidad de este art\u00edculo. No vamos a permitir que se silencie la voz de nuestras fuerzas. Para el Gobierno de Misiones, quienes arriesgan su vida por los dem\u00e1s\u2026 ni siquiera son ciudadanos\u201d.<\/p>\n<p>Tambi\u00e9n se conoci\u00f3 que la decisi\u00f3n del Ministerio de Seguridad de la Naci\u00f3n podr\u00eda ser imitada por el Ministerio de Defensa, en favor de los intereses de los miembros de las Fuerzas Armadas, que estando domiciliados en Misiones, tampoco podr\u00edan votar en al legislativa provincial.<\/p>\n<p>&nbsp;<\/p>\n<p>El Tribunal Electoral de la Provincia de Misiones rechaz\u00f3 los recursos de revocatoria y apelaci\u00f3n interpuestos por distintos partidos pol\u00edticos contra las Actas Acuerdo 1221 y 1223, que excluyen del padr\u00f3n y de la posibilidad de votar a todos los efectivos y profesionales dependientes de fuerzas de seguridad provinciales y nacionales.<\/p>\n<p>De esta manera de cara al 8 de junio, se mantiene hasta este momento firme la imposibilidad de voto a los integrantes de las fuerzas de seguridad. Con ello, a su vez, se rechazan las presentaciones realizadas por apoderados y patrocinantes legales de los partidos La Libertad Avanza, Frente Unidos por el Futuro, Partido Libertario y Partido por la Vida y los Valores.<\/p>\n<p>Esta semana, en medio del proceso electoral, represent\u00f3 uno de los principales cuestionamientos de distintos sectores desde la Iglesia a c\u00e1maras y asociaciones.\u00a0 El Obispado de Ober\u00e1 al expresarse ante la reciente medida del Tribunal Electoral de Misiones que impide la participaci\u00f3n de las fuerzas nacionales y provinciales, sostuvo: \u201c\u2018Como ciudadanos cristianos, con esp\u00edritu de fraternidad y respeto, deseamos compartir nuestra preocupaci\u00f3n ante la medida que restringe el derecho al sufragio por parte del personal policial y penitenciario\u201d.<\/p>\n<p>&nbsp;<\/p>\n","protected":false},"excerpt":{"rendered":"<p>Intervino Passalacqua y la Renovaci\u00f3n. El gobernador instruy\u00f3 al procurador a revisar la resoluci\u00f3n del<\/p>\n","protected":false},"author":1,"featured_media":51498,"comment_status":"closed","ping_status":"open","sticky":false,"template":"","format":"standard","meta":{"footnotes":""},"categories":[1,229],"tags":[],"class_list":["post-51497","post","type-post","status-publish","format-standard","has-post-thumbnail","hentry","category-actualidad","category-provinciales"],"_links":{"self":[{"href":"https:\/\/actualizateiguazu.com\/v3\/wp-json\/wp\/v2\/posts\/51497","targetHints":{"allow":["GET"]}}],"collection":[{"href":"https:\/\/actualizateiguazu.com\/v3\/wp-json\/wp\/v2\/posts"}],"about":[{"href":"https:\/\/actualizateiguazu.com\/v3\/wp-json\/wp\/v2\/types\/post"}],"author":[{"embeddable":true,"href":"https:\/\/actualizateiguazu.com\/v3\/wp-json\/wp\/v2\/users\/1"}],"replies":[{"embeddable":true,"href":"https:\/\/actualizateiguazu.com\/v3\/wp-json\/wp\/v2\/comments?post=51497"}],"version-history":[{"count":2,"href":"https:\/\/actualizateiguazu.com\/v3\/wp-json\/wp\/v2\/posts\/51497\/revisions"}],"predecessor-version":[{"id":51500,"href":"https:\/\/actualizateiguazu.com\/v3\/wp-json\/wp\/v2\/posts\/51497\/revisions\/51500"}],"wp:featuredmedia":[{"embeddable":true,"href":"https:\/\/actualizateiguazu.com\/v3\/wp-json\/wp\/v2\/media\/51498"}],"wp:attachment":[{"href":"https:\/\/actualizateiguazu.com\/v3\/wp-json\/wp\/v2\/media?parent=51497"}],"wp:term":[{"taxonomy":"category","embeddable":true,"href":"https:\/\/actualizateiguazu.com\/v3\/wp-json\/wp\/v2\/categories?post=51497"},{"taxonomy":"post_tag","embeddable":true,"href":"https:\/\/actualizateiguazu.com\/v3\/wp-json\/wp\/v2\/tags?post=51497"}],"curies":[{"name":"wp","href":"https:\/\/api.w.org\/{rel}","templated":true}]}}