{"id":51778,"date":"2025-06-12T19:05:01","date_gmt":"2025-06-12T22:05:01","guid":{"rendered":"https:\/\/actualizateiguazu.com\/v3\/?p=51778"},"modified":"2025-06-12T19:05:20","modified_gmt":"2025-06-12T22:05:20","slug":"iguazu-el-concejal-veron-denuncio-una-serie-de-irregularidades-de-la-gestion-publica","status":"publish","type":"post","link":"https:\/\/actualizateiguazu.com\/v3\/2025\/06\/12\/iguazu-el-concejal-veron-denuncio-una-serie-de-irregularidades-de-la-gestion-publica\/","title":{"rendered":"Iguaz\u00fa: El concejal Ver\u00f3n denunci\u00f3 una serie de irregularidades de la gesti\u00f3n p\u00fablica"},"content":{"rendered":"<p>En la primera sesi\u00f3n del Honorable Concejo Deliberante luego de las elecciones, el concejal Alejandro Ver\u00f3n apunto contra el municipio y el Iturem por la demora en la presentaci\u00f3n del balance del ejercicio 2024 y cuestion\u00f3 acerca del programa \u201cIlumina en Iguaz\u00fa\u201d anunciado durante la campa\u00f1a.<\/p>\n<p>El honorable Concejo Deliberante de Puerto Iguaz\u00fa volvi\u00f3 a sesionar tras 49 d\u00edas sin hacerlo. Seg\u00fan disposici\u00f3n de la presidencia del cuerpo deliberativo se deben celebrar 2 sesiones ordinarias mensuales como m\u00ednimo, no obstante, durante la campa\u00f1a proselitistas no ocurri\u00f3. Tampoco se dio a conocer si los tres ediles que terminan su mandato en diciembre solicitaron licencia sin goce de sueldo para abocarse a la campa\u00f1a ya que no se trat\u00f3 en la ultima sesi\u00f3n. Ver\u00f3n denunci\u00f3 una serie de irregularidades en su alocuci\u00f3n cuando hizo uso del art\u00edculo 110.<\/p>\n<p>Como es habitual el edil Alejandro Ver\u00f3n utiliza en todas las sesiones ordinarias el articulo 110 para referirse a cuestiones que considera urgente y que no integran el orden del d\u00eda. En esta oportunidad se refiri\u00f3 a la falta de actividad legislativa durante la campa\u00f1a proselitista, denunci\u00f3 que no fue notificado del motivo por el cual no se cumpli\u00f3 con la labor y no se sesion\u00f3 durante 49 d\u00edas. Horas m\u00e1s tarde mediante las redes sociales exhibi\u00f3 los despachos firmados por el hace meses que no son tratados o firmados por sus pares para que integren el orden del d\u00eda de las sesiones.<\/p>\n<p>Otro punto que resalt\u00f3 fue que el Municipio y el Iturem incumplieron con la fecha limite para presentar el balance del ejercicio 2024 que deber\u00eda haber sido presentado el pasado 31 de marzo. \u201cEn los asuntos ingresados vemos que el Ejecutivo municipal presenta el balance 2024, 73 d\u00edas despu\u00e9s de la fecha limite que era el 31 de marzo. Solamente para hacer memoria el balance 2023 aprobado por 4 votos por este concejo fue desaprobado por el tribunal de cuentas y todav\u00eda nosotros no tenemos ning\u00fan tipo de consideraci\u00f3n al respecto y su presidencia recibi\u00f3 una nota del tribunal de cuentas que esta guardada a la que, nosotros como concejales no hemos tenido acceso, por lo menos los del bloque juntos\u201d<\/p>\n<p>En tercer lugar, Ver\u00f3n pidi\u00f3 explicaciones acerca del programa \u201cSe Ilumina Iguaz\u00fa\u201d anunciado durante la campa\u00f1a como una acci\u00f3n de la presidencia del Honorable Concejo Deliberante. \u201cNo sab\u00eda que ten\u00eda esas atribuciones se\u00f1or presidente.\u00a0 El programa \u201cSe ilumina Iguaz\u00fa\u201d. Un programa que no sabemos costos, no sabemos sobre licitaciones. Y quiero recordar que el programa era sobre una funci\u00f3n que la ata\u00f1a a la empresa prestar\u00eda del servicio, la empresa EMSA y al municipio. La pregunta que me queda es saber cual ser\u00e1 el otro barrio que va a estar dentro del programa\u201d<\/p>\n<p>Asimismo, Ver\u00f3n hizo \u00e9nfasis en el presupuesto que se habr\u00eda invertido en el programa que habr\u00eda alcanzado a un solo barrio durante la campa\u00f1a \u201cComo la presidencia del Concejo Deliberante se toma las atribuciones para destinar un presupuesto para hacer servicio p\u00fablico, que ac\u00e1 se voto un convenio municipal, donde le cobro lo tiene la empresa EMSA y el alumbrado es responsabilidad de la municipal.\u201d<\/p>\n<p>Y por \u00faltimo hizo referencia a los problemas registrados en la ciudad tras el temporal del pasado 5 de junio y record\u00f3 el expediente 94\/24 donde habla del cambio de postes de madera por otro materiales y la utilizaci\u00f3n del espacio a\u00e9reo \u201cHoy estamos sufriendo las consecuencias de la tormenta, tiene que ver por el estado de los postes podridos de madera, por la poda inexistente que no se realiza y que es una atribuci\u00f3n de los espacios p\u00fablicos. Esto lo hemos advertido desde este bloque, si es necesario presentar un plan de poda lo vamos a hacer, pero es evidente las especies que est\u00e1n por caer\u201d remat\u00f3<\/p>\n<p>Para finalizar Ver\u00f3n aclar\u00f3 que la denuncia de las regularidades no est\u00e1n relacionados a una cuesti\u00f3n partidaria, simplemente son cuestiones que le preocupan y que se hace cargo de ellas.<\/p>\n<p>&nbsp;<\/p>\n<p>&nbsp;<\/p>\n<p>&nbsp;<\/p>\n<p>&nbsp;<\/p>\n<p>&nbsp;<\/p>\n","protected":false},"excerpt":{"rendered":"<p>En la primera sesi\u00f3n del Honorable Concejo Deliberante luego de las elecciones, el concejal Alejandro<\/p>\n","protected":false},"author":1,"featured_media":51779,"comment_status":"closed","ping_status":"open","sticky":false,"template":"","format":"standard","meta":{"footnotes":""},"categories":[1,226,238],"tags":[],"class_list":["post-51778","post","type-post","status-publish","format-standard","has-post-thumbnail","hentry","category-actualidad","category-locales","category-politica"],"_links":{"self":[{"href":"https:\/\/actualizateiguazu.com\/v3\/wp-json\/wp\/v2\/posts\/51778","targetHints":{"allow":["GET"]}}],"collection":[{"href":"https:\/\/actualizateiguazu.com\/v3\/wp-json\/wp\/v2\/posts"}],"about":[{"href":"https:\/\/actualizateiguazu.com\/v3\/wp-json\/wp\/v2\/types\/post"}],"author":[{"embeddable":true,"href":"https:\/\/actualizateiguazu.com\/v3\/wp-json\/wp\/v2\/users\/1"}],"replies":[{"embeddable":true,"href":"https:\/\/actualizateiguazu.com\/v3\/wp-json\/wp\/v2\/comments?post=51778"}],"version-history":[{"count":1,"href":"https:\/\/actualizateiguazu.com\/v3\/wp-json\/wp\/v2\/posts\/51778\/revisions"}],"predecessor-version":[{"id":51780,"href":"https:\/\/actualizateiguazu.com\/v3\/wp-json\/wp\/v2\/posts\/51778\/revisions\/51780"}],"wp:featuredmedia":[{"embeddable":true,"href":"https:\/\/actualizateiguazu.com\/v3\/wp-json\/wp\/v2\/media\/51779"}],"wp:attachment":[{"href":"https:\/\/actualizateiguazu.com\/v3\/wp-json\/wp\/v2\/media?parent=51778"}],"wp:term":[{"taxonomy":"category","embeddable":true,"href":"https:\/\/actualizateiguazu.com\/v3\/wp-json\/wp\/v2\/categories?post=51778"},{"taxonomy":"post_tag","embeddable":true,"href":"https:\/\/actualizateiguazu.com\/v3\/wp-json\/wp\/v2\/tags?post=51778"}],"curies":[{"name":"wp","href":"https:\/\/api.w.org\/{rel}","templated":true}]}}