{"id":51826,"date":"2025-06-16T19:23:16","date_gmt":"2025-06-16T22:23:16","guid":{"rendered":"https:\/\/actualizateiguazu.com\/v3\/?p=51826"},"modified":"2025-06-16T19:23:16","modified_gmt":"2025-06-16T22:23:16","slug":"el-primer-fin-de-semana-largo-de-junio-no-genero-gran-movimiento-turistico","status":"publish","type":"post","link":"https:\/\/actualizateiguazu.com\/v3\/2025\/06\/16\/el-primer-fin-de-semana-largo-de-junio-no-genero-gran-movimiento-turistico\/","title":{"rendered":"El primer fin de semana largo de junio no gener\u00f3 gran movimiento tur\u00edstico"},"content":{"rendered":"<p>Operadores estimaban un 60% de ocupaci\u00f3n hotelera el fin de semana, no obstante, los n\u00fameros no fueron favorables. Se espera un mejor movimiento el pr\u00f3ximo fin de semana largo.<\/p>\n<p>El fin de semana largo en conmemoraci\u00f3n del Paso a la Inmortalidad del General Don Mart\u00edn Miguel de G\u00fcemes, una figura que sigue siendo motivo de admiraci\u00f3n y respeto en la historia de Argentina y Am\u00e9rica Latina no fue productivo como los operadores tur\u00edsticos esperaban. Oficialmente no se conocieron cifras con el porcentaje de ocupaci\u00f3n y respecto a los ingresos a Cataratas solamente se registro la visita de 8.964 visitantes.<\/p>\n<p>La fecha de la efem\u00e9ride Por el Paso a la Inmortalidad del General Don Martin de G\u00fcemes en realidad es el 17 de junio. Sin embargo, como este a\u00f1o cae martes, el Gobierno decidi\u00f3 trasladarlo al lunes para conformar un fin de semana largo. Esto es posible por lo que indica la ley, que permite moverlo al d\u00eda anterior. De esta manera, el fin de semana largo fue desde el s\u00e1bado 14 hasta el lunes 16. Dicho periodo buscaba impulsar el movimiento tur\u00edstico no obstante no logr\u00f3 el objetivo.<\/p>\n<p>Seg\u00fan los datos estad\u00edsticos de Cataratas ingresaron desde el 14 de junio hasta el 16 inclusive 8.964 turistas, registrando un m\u00ednimo incremento de visitantes al \u00e1rea cataratas durante el mes de junio. Los ingresos, desde el 1 de junio hasta el 14 inclusive, reflejan un promedio de 2.739 personas por d\u00eda que ingresan al \u00e1rea de Cataratas para recorrer los 275 saltos de la maravilla natural.<\/p>\n<p>Los emprendimientos gastron\u00f3micos y locales comerciales tampoco han observado un incremento en las ventas el fin de semana pese a que ten\u00edan expectativas de ventas por el d\u00eda del padre, no obstante, tampoco sucedi\u00f3, indicaron.<\/p>\n<p>El pr\u00f3ximo fin de semana tambi\u00e9n se extiende por le feriado por el d\u00eda de la bandera, los operadores esperan un mayor movimiento tur\u00edstico. Desde el Parque Nacional Iguaz\u00fa indicaron que esta previsto que se implemente el protocolo de visitas multitudinarias con apertura una hora mas temprano el d\u00eda s\u00e1bado 21 de junio.<\/p>\n<p>&nbsp;<\/p>\n<p>&nbsp;<\/p>\n","protected":false},"excerpt":{"rendered":"<p>Operadores estimaban un 60% de ocupaci\u00f3n hotelera el fin de semana, no obstante, los n\u00fameros<\/p>\n","protected":false},"author":1,"featured_media":51827,"comment_status":"closed","ping_status":"open","sticky":false,"template":"","format":"standard","meta":{"footnotes":""},"categories":[1,226,234],"tags":[],"class_list":["post-51826","post","type-post","status-publish","format-standard","has-post-thumbnail","hentry","category-actualidad","category-locales","category-turismo"],"_links":{"self":[{"href":"https:\/\/actualizateiguazu.com\/v3\/wp-json\/wp\/v2\/posts\/51826","targetHints":{"allow":["GET"]}}],"collection":[{"href":"https:\/\/actualizateiguazu.com\/v3\/wp-json\/wp\/v2\/posts"}],"about":[{"href":"https:\/\/actualizateiguazu.com\/v3\/wp-json\/wp\/v2\/types\/post"}],"author":[{"embeddable":true,"href":"https:\/\/actualizateiguazu.com\/v3\/wp-json\/wp\/v2\/users\/1"}],"replies":[{"embeddable":true,"href":"https:\/\/actualizateiguazu.com\/v3\/wp-json\/wp\/v2\/comments?post=51826"}],"version-history":[{"count":1,"href":"https:\/\/actualizateiguazu.com\/v3\/wp-json\/wp\/v2\/posts\/51826\/revisions"}],"predecessor-version":[{"id":51828,"href":"https:\/\/actualizateiguazu.com\/v3\/wp-json\/wp\/v2\/posts\/51826\/revisions\/51828"}],"wp:featuredmedia":[{"embeddable":true,"href":"https:\/\/actualizateiguazu.com\/v3\/wp-json\/wp\/v2\/media\/51827"}],"wp:attachment":[{"href":"https:\/\/actualizateiguazu.com\/v3\/wp-json\/wp\/v2\/media?parent=51826"}],"wp:term":[{"taxonomy":"category","embeddable":true,"href":"https:\/\/actualizateiguazu.com\/v3\/wp-json\/wp\/v2\/categories?post=51826"},{"taxonomy":"post_tag","embeddable":true,"href":"https:\/\/actualizateiguazu.com\/v3\/wp-json\/wp\/v2\/tags?post=51826"}],"curies":[{"name":"wp","href":"https:\/\/api.w.org\/{rel}","templated":true}]}}