{"id":51848,"date":"2025-06-18T10:36:14","date_gmt":"2025-06-18T13:36:14","guid":{"rendered":"https:\/\/actualizateiguazu.com\/v3\/?p=51848"},"modified":"2025-06-18T10:36:14","modified_gmt":"2025-06-18T13:36:14","slug":"iguazu-tres-familias-afectadas-en-el-incendio-de-un-inquilinato","status":"publish","type":"post","link":"https:\/\/actualizateiguazu.com\/v3\/2025\/06\/18\/iguazu-tres-familias-afectadas-en-el-incendio-de-un-inquilinato\/","title":{"rendered":"Iguaz\u00fa: Tres familias afectadas en el incendio de un inquilinato"},"content":{"rendered":"<p>El incendio se desato cerca de las 23 horas en barrio Villa Alta, un departamento se incendio y las llamas se propagaron a otros dos departamentos.<\/p>\n<p>Momentos de mucha angustia vivieron los vecinos de Villa Alta al ver que las llamas consum\u00edan un departamento y se propagaban a los alquileres aleda\u00f1os. Los propietarios de la vivienda donde comenz\u00f3 el fuego no se encontraban y fueron los vecinos que dieron aviso a los bomberos quien lograron controlar el incendio evitando mayores da\u00f1os a los dem\u00e1s departamentos.<\/p>\n<p>Seg\u00fan detallaron los Bomberos Voluntarios recibieron el llamado a las 23:00 hs del martes 17 de junio, donde los vecinos denunciaron el incendio de vivienda en la intersecci\u00f3n de las calles Vera Pe\u00f1aloza y Alarc\u00f3n. De inmediato sali\u00f3 la Guardia Nocturna junto a dos m\u00f3viles hacia el lugar.<\/p>\n<p>\u201cPor razones que a\u00fan se desconocen y son materia de investigaci\u00f3n, al arribar la dotaci\u00f3n se encontr\u00f3 con un incendio en la planta alta de un edificio destinado a alquileres. Tres familias resultaron damnificadas. El fuego se habr\u00eda iniciado en el departamento central y se propag\u00f3 por el cielorraso hacia los departamentos laterales, afect\u00e1ndolos parcialmente\u201d explicaron<\/p>\n<p>Gracias a la r\u00e1pida intervenci\u00f3n, el fuego fue controlado a tiempo y se evit\u00f3 que los da\u00f1os fueran mayores. En el momento del incendio no se encontraba nadie dentro del departamento afectado. Fueron los vecinos quienes, al notar las llamas, alertaron a emergencias. Trabajaron 3 dotaciones de Bomberos Voluntarios de Iguaz\u00fa y la polic\u00eda de la Provincia<\/p>\n","protected":false},"excerpt":{"rendered":"<p>El incendio se desato cerca de las 23 horas en barrio Villa Alta, un departamento<\/p>\n","protected":false},"author":1,"featured_media":51849,"comment_status":"closed","ping_status":"open","sticky":false,"template":"","format":"standard","meta":{"footnotes":""},"categories":[1,226],"tags":[],"class_list":["post-51848","post","type-post","status-publish","format-standard","has-post-thumbnail","hentry","category-actualidad","category-locales"],"_links":{"self":[{"href":"https:\/\/actualizateiguazu.com\/v3\/wp-json\/wp\/v2\/posts\/51848","targetHints":{"allow":["GET"]}}],"collection":[{"href":"https:\/\/actualizateiguazu.com\/v3\/wp-json\/wp\/v2\/posts"}],"about":[{"href":"https:\/\/actualizateiguazu.com\/v3\/wp-json\/wp\/v2\/types\/post"}],"author":[{"embeddable":true,"href":"https:\/\/actualizateiguazu.com\/v3\/wp-json\/wp\/v2\/users\/1"}],"replies":[{"embeddable":true,"href":"https:\/\/actualizateiguazu.com\/v3\/wp-json\/wp\/v2\/comments?post=51848"}],"version-history":[{"count":1,"href":"https:\/\/actualizateiguazu.com\/v3\/wp-json\/wp\/v2\/posts\/51848\/revisions"}],"predecessor-version":[{"id":51850,"href":"https:\/\/actualizateiguazu.com\/v3\/wp-json\/wp\/v2\/posts\/51848\/revisions\/51850"}],"wp:featuredmedia":[{"embeddable":true,"href":"https:\/\/actualizateiguazu.com\/v3\/wp-json\/wp\/v2\/media\/51849"}],"wp:attachment":[{"href":"https:\/\/actualizateiguazu.com\/v3\/wp-json\/wp\/v2\/media?parent=51848"}],"wp:term":[{"taxonomy":"category","embeddable":true,"href":"https:\/\/actualizateiguazu.com\/v3\/wp-json\/wp\/v2\/categories?post=51848"},{"taxonomy":"post_tag","embeddable":true,"href":"https:\/\/actualizateiguazu.com\/v3\/wp-json\/wp\/v2\/tags?post=51848"}],"curies":[{"name":"wp","href":"https:\/\/api.w.org\/{rel}","templated":true}]}}