{"id":51918,"date":"2025-06-24T15:58:10","date_gmt":"2025-06-24T18:58:10","guid":{"rendered":"https:\/\/actualizateiguazu.com\/v3\/?p=51918"},"modified":"2025-06-24T15:58:10","modified_gmt":"2025-06-24T18:58:10","slug":"funcionara-en-el-hogar-de-dia-un-centro-de-escucha-de-prevencion-y-abordaje-de-las-adicciones","status":"publish","type":"post","link":"https:\/\/actualizateiguazu.com\/v3\/2025\/06\/24\/funcionara-en-el-hogar-de-dia-un-centro-de-escucha-de-prevencion-y-abordaje-de-las-adicciones\/","title":{"rendered":"Funcionar\u00e1 en el Hogar de D\u00eda un centro de escucha de Prevenci\u00f3n y Abordaje de las Adicciones"},"content":{"rendered":"<p>Desde el 4 de julio se habilitar\u00e1 un Espacio de Primera Escucha de 7.30 a 15 y de 16 a 20 horas en la sede del Hogar de Dia, ubicado en avenida 25 de Mayo y R\u00edo Paran\u00e1, abierto a la comunidad ante situaciones de consumo problem\u00e1tico, adicciones y salud mental.<\/p>\n<p>El consumo problem\u00e1tico aumenta en la zona norte, es por ello que se conform\u00f3 se conform\u00f3 una Mesa de Prevenci\u00f3n y Abordaje de las Adicciones con la participaci\u00f3n de intendentes, referentes de salud, representantes de las fuerzas de seguridad y el secretario de Estado de Prevenci\u00f3n de Adicciones y Control de Drogas, Roberto Padilla. Estuvieron presentes representantes de las localidades del norte, menos de Puerto Iguaz\u00fa. No obstante, se anunci\u00f3 la habilitaci\u00f3n del primer centro de escucha en el Hogar de Dia Iguaz\u00fa.<\/p>\n<p>En la reuni\u00f3n se plantearon diversos temas referidos a la prevenci\u00f3n para fortalecer las actividades en conjunto, estuvieron el intendente de Puerto Esperanza, Horacio Zarza, de Puerto Libertad, Fernando Ferreira, de Wanda, Romina Faccio, la Directora de Prevenci\u00f3n de Eldorado, Vanesa Moesch, la Subsecretaria de Atenci\u00f3n Integral de la Ni\u00f1ez, Adolescencia y Familia, Marlenne Abrile, la directora del Hospital de Esperanza, Melina Gonz\u00e1les, e integrantes de los equipos interdisciplinarios, quienes acordaron el trabajo conjunto y tomar de referencia los municipios de Eldorado, donde funciona el Dispositivo Territorial Comunitario (DTC) Sedronar, y el Centro de D\u00eda de Esperanza.<\/p>\n<p><img loading=\"lazy\" decoding=\"async\" class=\"alignnone size-full wp-image-51920\" src=\"https:\/\/actualizateiguazu.com\/v3\/wp-content\/uploads\/2025\/06\/Zona-Norte-1.jpg\" alt=\"\" width=\"1176\" height=\"1080\" srcset=\"https:\/\/actualizateiguazu.com\/v3\/wp-content\/uploads\/2025\/06\/Zona-Norte-1.jpg 1176w, https:\/\/actualizateiguazu.com\/v3\/wp-content\/uploads\/2025\/06\/Zona-Norte-1-300x276.jpg 300w, https:\/\/actualizateiguazu.com\/v3\/wp-content\/uploads\/2025\/06\/Zona-Norte-1-1024x940.jpg 1024w, https:\/\/actualizateiguazu.com\/v3\/wp-content\/uploads\/2025\/06\/Zona-Norte-1-768x705.jpg 768w\" sizes=\"auto, (max-width: 1176px) 100vw, 1176px\" \/><\/p>\n<p>El Secretario de Estado, Roberto Padilla, destac\u00f3 el encuentro concretado en Esperanza y la conformaci\u00f3n de la mesa en la Semana de la Prevenci\u00f3n, as\u00ed como el compromiso por parte de los distintos equipos de trabajo para fortalecer las acciones y articular las tareas para el abordaje de los distintos casos.<\/p>\n<p>\u201cSe van a trabajar los dos ejes, la prevenci\u00f3n y el abordaje, los equipos ir\u00e1n organizando los Espacios de Primera Escucha, e ir\u00e1n articulando entre los municipios para brindar las respuestas necesarias. Ahora todas las acciones y la agenda de trabajo se armar\u00e1 de manera conjunta entre los que tambi\u00e9n est\u00e1n Delicia y Mado\u201d, resalt\u00f3 Padilla.<\/p>\n<p>El Secretario de Estado adelant\u00f3, luego de un operativo de atenci\u00f3n integral realizado en el Hogar de D\u00eda de Iguaz\u00fa el lunes, que desde el 4 de julio se habilitar\u00e1 un Espacio de Primera Escucha de 7.30 a 15 y de 16 a 20 horas en la sede de la instituci\u00f3n, ubicada en avenida 25 de Mayo y R\u00edo Paran\u00e1, abierto a la comunidad ante situaciones de consumo problem\u00e1tico, adicciones y salud mental.<\/p>\n","protected":false},"excerpt":{"rendered":"<p>Desde el 4 de julio se habilitar\u00e1 un Espacio de Primera Escucha de 7.30 a<\/p>\n","protected":false},"author":1,"featured_media":51919,"comment_status":"closed","ping_status":"open","sticky":false,"template":"","format":"standard","meta":{"footnotes":""},"categories":[1,226],"tags":[],"class_list":["post-51918","post","type-post","status-publish","format-standard","has-post-thumbnail","hentry","category-actualidad","category-locales"],"_links":{"self":[{"href":"https:\/\/actualizateiguazu.com\/v3\/wp-json\/wp\/v2\/posts\/51918","targetHints":{"allow":["GET"]}}],"collection":[{"href":"https:\/\/actualizateiguazu.com\/v3\/wp-json\/wp\/v2\/posts"}],"about":[{"href":"https:\/\/actualizateiguazu.com\/v3\/wp-json\/wp\/v2\/types\/post"}],"author":[{"embeddable":true,"href":"https:\/\/actualizateiguazu.com\/v3\/wp-json\/wp\/v2\/users\/1"}],"replies":[{"embeddable":true,"href":"https:\/\/actualizateiguazu.com\/v3\/wp-json\/wp\/v2\/comments?post=51918"}],"version-history":[{"count":1,"href":"https:\/\/actualizateiguazu.com\/v3\/wp-json\/wp\/v2\/posts\/51918\/revisions"}],"predecessor-version":[{"id":51921,"href":"https:\/\/actualizateiguazu.com\/v3\/wp-json\/wp\/v2\/posts\/51918\/revisions\/51921"}],"wp:featuredmedia":[{"embeddable":true,"href":"https:\/\/actualizateiguazu.com\/v3\/wp-json\/wp\/v2\/media\/51919"}],"wp:attachment":[{"href":"https:\/\/actualizateiguazu.com\/v3\/wp-json\/wp\/v2\/media?parent=51918"}],"wp:term":[{"taxonomy":"category","embeddable":true,"href":"https:\/\/actualizateiguazu.com\/v3\/wp-json\/wp\/v2\/categories?post=51918"},{"taxonomy":"post_tag","embeddable":true,"href":"https:\/\/actualizateiguazu.com\/v3\/wp-json\/wp\/v2\/tags?post=51918"}],"curies":[{"name":"wp","href":"https:\/\/api.w.org\/{rel}","templated":true}]}}