{"id":51944,"date":"2025-06-26T12:15:53","date_gmt":"2025-06-26T15:15:53","guid":{"rendered":"https:\/\/actualizateiguazu.com\/v3\/?p=51944"},"modified":"2025-06-26T12:15:53","modified_gmt":"2025-06-26T15:15:53","slug":"iguazu-arrestaron-a-pajarito-el-presunto-jefe-de-una-banda-de-ladrones","status":"publish","type":"post","link":"https:\/\/actualizateiguazu.com\/v3\/2025\/06\/26\/iguazu-arrestaron-a-pajarito-el-presunto-jefe-de-una-banda-de-ladrones\/","title":{"rendered":"Iguaz\u00fa: Arrestaron a Pajarito el presunto jefe de una banda de ladrones"},"content":{"rendered":"<p>Maximiliano \u201cPajarito\u201d D. fue detenido tras un operativo cerrojo en Villa Alta. Estaba vinculado a una ola de robos en comercios y viviendas. Secuestraron una moto robada y varios objetos sustra\u00eddos.<\/p>\n<p>Tras semanas de investigaci\u00f3n encubierta, los agentes de la comisar\u00eda Segunda de la Unidad Regional V detuvieron al presunto cabecilla de la banda acusada de robos a inmuebles en barrios de la ciudad de cataratas.<\/p>\n<p>El operativo se llev\u00f3 a cabo cerca de las 19:00 del mi\u00e9rcoles en el barrio Villa Alta, donde los efectivos rodearon y allanaron la vivienda del pr\u00f3fugo, que culmin\u00f3 con la detenci\u00f3n de Maximiliano D., de 30 a\u00f1os alias \u201cPajarito\u201d, un delincuente con frondoso prontuario, vinculado al menos a seis hechos delictivos.<\/p>\n<p><img loading=\"lazy\" decoding=\"async\" class=\"alignnone size-full wp-image-51946\" src=\"https:\/\/actualizateiguazu.com\/v3\/wp-content\/uploads\/2025\/06\/506766137_1135235215312401_1222208941189979993_n.jpg\" alt=\"\" width=\"1536\" height=\"2048\" srcset=\"https:\/\/actualizateiguazu.com\/v3\/wp-content\/uploads\/2025\/06\/506766137_1135235215312401_1222208941189979993_n.jpg 1536w, https:\/\/actualizateiguazu.com\/v3\/wp-content\/uploads\/2025\/06\/506766137_1135235215312401_1222208941189979993_n-225x300.jpg 225w, https:\/\/actualizateiguazu.com\/v3\/wp-content\/uploads\/2025\/06\/506766137_1135235215312401_1222208941189979993_n-768x1024.jpg 768w, https:\/\/actualizateiguazu.com\/v3\/wp-content\/uploads\/2025\/06\/506766137_1135235215312401_1222208941189979993_n-1152x1536.jpg 1152w, https:\/\/actualizateiguazu.com\/v3\/wp-content\/uploads\/2025\/06\/506766137_1135235215312401_1222208941189979993_n-450x600.jpg 450w\" sizes=\"auto, (max-width: 1536px) 100vw, 1536px\" \/><\/p>\n<p>Seg\u00fan las fuentes del caso, \u201cPajarito\u201d no actuaba solo. Las pesquisas apuntan a que lideraba una gavilla delictiva organizada, dedicada a la vigilancia y posterior robo de viviendas particulares y locales comerciales. El detenido era uno de los m\u00e1s buscados en la zona y, al momento del allanamiento, intent\u00f3 esconderse en un mueble, aunque fue reducido sin oponer resistencia.<\/p>\n<p>Durante el procedimiento, la Polic\u00eda secuestr\u00f3 una gran cantidad de objetos presuntamente robados, entre ellos: zapatillas de reconocidas marcas, accesorios deportivos, ventiladores, computadoras, equipos de sonido, herramientas y una motocicleta Gilera con pedido de secuestro activo.<\/p>\n<p>Las investigaciones contin\u00faan y, de acuerdo al avance de la causa, los agentes ya tendr\u00edan identificados a otros miembros de la banda, por lo que no se descartan otros allanamientos en las pr\u00f3ximas horas.<\/p>\n<p><img loading=\"lazy\" decoding=\"async\" class=\"alignnone size-full wp-image-51945\" src=\"https:\/\/actualizateiguazu.com\/v3\/wp-content\/uploads\/2025\/06\/500913662_1135235068645749_4243499399945924243_n.jpg\" alt=\"\" width=\"957\" height=\"1280\" srcset=\"https:\/\/actualizateiguazu.com\/v3\/wp-content\/uploads\/2025\/06\/500913662_1135235068645749_4243499399945924243_n.jpg 957w, https:\/\/actualizateiguazu.com\/v3\/wp-content\/uploads\/2025\/06\/500913662_1135235068645749_4243499399945924243_n-224x300.jpg 224w, https:\/\/actualizateiguazu.com\/v3\/wp-content\/uploads\/2025\/06\/500913662_1135235068645749_4243499399945924243_n-766x1024.jpg 766w, https:\/\/actualizateiguazu.com\/v3\/wp-content\/uploads\/2025\/06\/500913662_1135235068645749_4243499399945924243_n-768x1027.jpg 768w\" sizes=\"auto, (max-width: 957px) 100vw, 957px\" \/><\/p>\n<p>Maximiliano D. qued\u00f3 alojado en la sede policial, a disposici\u00f3n del Juzgado de Instrucci\u00f3n N.\u00ba 3 de Puerto Iguaz\u00fa, mientras la Polic\u00eda profundiza las tareas para recuperar m\u00e1s bienes robados y desmantelar por completo la estructura delictiva que encabezaba.<\/p>\n","protected":false},"excerpt":{"rendered":"<p>Maximiliano \u201cPajarito\u201d D. fue detenido tras un operativo cerrojo en Villa Alta. Estaba vinculado a<\/p>\n","protected":false},"author":1,"featured_media":51947,"comment_status":"closed","ping_status":"open","sticky":false,"template":"","format":"standard","meta":{"footnotes":""},"categories":[1,228],"tags":[],"class_list":["post-51944","post","type-post","status-publish","format-standard","has-post-thumbnail","hentry","category-actualidad","category-policiales"],"_links":{"self":[{"href":"https:\/\/actualizateiguazu.com\/v3\/wp-json\/wp\/v2\/posts\/51944","targetHints":{"allow":["GET"]}}],"collection":[{"href":"https:\/\/actualizateiguazu.com\/v3\/wp-json\/wp\/v2\/posts"}],"about":[{"href":"https:\/\/actualizateiguazu.com\/v3\/wp-json\/wp\/v2\/types\/post"}],"author":[{"embeddable":true,"href":"https:\/\/actualizateiguazu.com\/v3\/wp-json\/wp\/v2\/users\/1"}],"replies":[{"embeddable":true,"href":"https:\/\/actualizateiguazu.com\/v3\/wp-json\/wp\/v2\/comments?post=51944"}],"version-history":[{"count":1,"href":"https:\/\/actualizateiguazu.com\/v3\/wp-json\/wp\/v2\/posts\/51944\/revisions"}],"predecessor-version":[{"id":51948,"href":"https:\/\/actualizateiguazu.com\/v3\/wp-json\/wp\/v2\/posts\/51944\/revisions\/51948"}],"wp:featuredmedia":[{"embeddable":true,"href":"https:\/\/actualizateiguazu.com\/v3\/wp-json\/wp\/v2\/media\/51947"}],"wp:attachment":[{"href":"https:\/\/actualizateiguazu.com\/v3\/wp-json\/wp\/v2\/media?parent=51944"}],"wp:term":[{"taxonomy":"category","embeddable":true,"href":"https:\/\/actualizateiguazu.com\/v3\/wp-json\/wp\/v2\/categories?post=51944"},{"taxonomy":"post_tag","embeddable":true,"href":"https:\/\/actualizateiguazu.com\/v3\/wp-json\/wp\/v2\/tags?post=51944"}],"curies":[{"name":"wp","href":"https:\/\/api.w.org\/{rel}","templated":true}]}}